{"id":10026,"date":"2020-11-09T09:07:50","date_gmt":"2020-11-09T08:07:50","guid":{"rendered":"http:\/\/ckiw-tarnow.ohp.pl\/?p=10026"},"modified":"2020-11-09T09:07:52","modified_gmt":"2020-11-09T08:07:52","slug":"uczestnicy-tarnowskiego-centrum-odwiedzaja-cmentarz-wojenny","status":"publish","type":"post","link":"https:\/\/ckiw-tarnow.ohp.pl\/index.php\/2020\/11\/09\/uczestnicy-tarnowskiego-centrum-odwiedzaja-cmentarz-wojenny\/","title":{"rendered":"Uczestnicy tarnowskiego Centrum odwiedzaj\u0105 cmentarz wojenny"},"content":{"rendered":"\n<p>W zwi\u0105zku z Dniem Wszystkich \u015awi\u0119tych oraz w przededniu 102 Rocznicy Odzyskania Niepodleg\u0142o\u015bci przez Polsk\u0119 uczestnicy CKiW OHP w Tarnowie pod opiek\u0105 wychowawcy, z zachowaniem obostrze\u0144 zwi\u0105zanych z pandemi\u0105 covid-19,&nbsp; zapalili znicze na cmentarzu wojennym w Tarnowie. Z\u0142o\u017cyli r\u00f3wnie\u017c w\u0142asnor\u0119cznie wykonany wieniec.<\/p>\n\n\n\n<p>Cmentarz wojenny nr 200 Tarn\u00f3w-Chysz\u00f3w to miejsce, na kt\u00f3rym spoczywaj\u0105 \u017co\u0142nierze polegli podczas Pierwszej Wojny \u015awiatowej. S\u0105 tu mogi\u0142y \u017co\u0142nierzy narodowo\u015bci:<\/p>\n\n\n\n<ul class=\"wp-block-list\"><li>polskiej,<\/li><li>austro-w\u0119gierskiej,<\/li><li>niemieckiej,<\/li><li>rosyjskiej,<\/li><li>serbskiej,<\/li><li>w\u0142oskiej,<\/li><li>ukrai\u0144skiej,<\/li><li>narodowo\u015bci nieznanej.<\/li><\/ul>\n\n\n\n<p>Opracowanie: Ryszard Zyzak<\/p>\n\n\n\n<figure class=\"wp-block-image size-large\"><img loading=\"lazy\" decoding=\"async\" width=\"737\" height=\"1024\" src=\"https:\/\/ckiw-tarnow.ohp.pl\/wp-content\/uploads\/2020\/11\/123651748_2800042180285415_1196905320141365557_n-737x1024.jpg\" alt=\"\" class=\"wp-image-10027\" srcset=\"https:\/\/ckiw-tarnow.ohp.pl\/wp-content\/uploads\/2020\/11\/123651748_2800042180285415_1196905320141365557_n-737x1024.jpg 737w, https:\/\/ckiw-tarnow.ohp.pl\/wp-content\/uploads\/2020\/11\/123651748_2800042180285415_1196905320141365557_n-216x300.jpg 216w, https:\/\/ckiw-tarnow.ohp.pl\/wp-content\/uploads\/2020\/11\/123651748_2800042180285415_1196905320141365557_n-768x1067.jpg 768w, https:\/\/ckiw-tarnow.ohp.pl\/wp-content\/uploads\/2020\/11\/123651748_2800042180285415_1196905320141365557_n.jpg 1089w\" sizes=\"auto, (max-width: 737px) 100vw, 737px\" \/><\/figure>\n\n\n\n<figure class=\"wp-block-image size-large\"><img loading=\"lazy\" decoding=\"async\" width=\"880\" height=\"1024\" src=\"https:\/\/ckiw-tarnow.ohp.pl\/wp-content\/uploads\/2020\/11\/123839963_697311970900220_5671699682016090473_n-880x1024.jpg\" alt=\"\" class=\"wp-image-10028\" srcset=\"https:\/\/ckiw-tarnow.ohp.pl\/wp-content\/uploads\/2020\/11\/123839963_697311970900220_5671699682016090473_n-880x1024.jpg 880w, https:\/\/ckiw-tarnow.ohp.pl\/wp-content\/uploads\/2020\/11\/123839963_697311970900220_5671699682016090473_n-258x300.jpg 258w, https:\/\/ckiw-tarnow.ohp.pl\/wp-content\/uploads\/2020\/11\/123839963_697311970900220_5671699682016090473_n-768x894.jpg 768w, https:\/\/ckiw-tarnow.ohp.pl\/wp-content\/uploads\/2020\/11\/123839963_697311970900220_5671699682016090473_n-1319x1536.jpg 1319w, https:\/\/ckiw-tarnow.ohp.pl\/wp-content\/uploads\/2020\/11\/123839963_697311970900220_5671699682016090473_n.jpg 1389w\" sizes=\"auto, (max-width: 880px) 100vw, 880px\" \/><\/figure>\n\n\n\n<figure class=\"wp-block-image size-large\"><img loading=\"lazy\" decoding=\"async\" width=\"638\" height=\"1024\" src=\"https:\/\/ckiw-tarnow.ohp.pl\/wp-content\/uploads\/2020\/11\/123715098_2471570619813421_4191311918588461867_n-638x1024.jpg\" alt=\"\" class=\"wp-image-10029\" srcset=\"https:\/\/ckiw-tarnow.ohp.pl\/wp-content\/uploads\/2020\/11\/123715098_2471570619813421_4191311918588461867_n-638x1024.jpg 638w, https:\/\/ckiw-tarnow.ohp.pl\/wp-content\/uploads\/2020\/11\/123715098_2471570619813421_4191311918588461867_n-187x300.jpg 187w, https:\/\/ckiw-tarnow.ohp.pl\/wp-content\/uploads\/2020\/11\/123715098_2471570619813421_4191311918588461867_n.jpg 715w\" sizes=\"auto, (max-width: 638px) 100vw, 638px\" \/><\/figure>\n","protected":false},"excerpt":{"rendered":"<p>W zwi\u0105zku z Dniem Wszystkich \u015awi\u0119tych oraz w przededniu 102 Rocznicy Odzyskania Niepodleg\u0142o\u015bci przez Polsk\u0119 uczestnicy CKiW OHP w Tarnowie pod opiek\u0105 wychowawcy, z zachowaniem obostrze\u0144 zwi\u0105zanych z pandemi\u0105 covid-19,&nbsp; zapalili znicze na cmentarzu wojennym w Tarnowie. Z\u0142o\u017cyli r\u00f3wnie\u017c w\u0142asnor\u0119cznie wykonany wieniec. Cmentarz wojenny nr 200 Tarn\u00f3w-Chysz\u00f3w to miejsce, na kt\u00f3rym spoczywaj\u0105 \u017co\u0142nierze polegli podczas [&hellip;]<\/p>\n","protected":false},"author":8,"featured_media":10030,"comment_status":"closed","ping_status":"closed","sticky":false,"template":"","format":"standard","meta":{"footnotes":""},"categories":[2],"tags":[],"class_list":["post-10026","post","type-post","status-publish","format-standard","has-post-thumbnail","hentry","category-aktualnosci"],"_links":{"self":[{"href":"https:\/\/ckiw-tarnow.ohp.pl\/index.php\/wp-json\/wp\/v2\/posts\/10026","targetHints":{"allow":["GET"]}}],"collection":[{"href":"https:\/\/ckiw-tarnow.ohp.pl\/index.php\/wp-json\/wp\/v2\/posts"}],"about":[{"href":"https:\/\/ckiw-tarnow.ohp.pl\/index.php\/wp-json\/wp\/v2\/types\/post"}],"author":[{"embeddable":true,"href":"https:\/\/ckiw-tarnow.ohp.pl\/index.php\/wp-json\/wp\/v2\/users\/8"}],"replies":[{"embeddable":true,"href":"https:\/\/ckiw-tarnow.ohp.pl\/index.php\/wp-json\/wp\/v2\/comments?post=10026"}],"version-history":[{"count":1,"href":"https:\/\/ckiw-tarnow.ohp.pl\/index.php\/wp-json\/wp\/v2\/posts\/10026\/revisions"}],"predecessor-version":[{"id":10031,"href":"https:\/\/ckiw-tarnow.ohp.pl\/index.php\/wp-json\/wp\/v2\/posts\/10026\/revisions\/10031"}],"wp:featuredmedia":[{"embeddable":true,"href":"https:\/\/ckiw-tarnow.ohp.pl\/index.php\/wp-json\/wp\/v2\/media\/10030"}],"wp:attachment":[{"href":"https:\/\/ckiw-tarnow.ohp.pl\/index.php\/wp-json\/wp\/v2\/media?parent=10026"}],"wp:term":[{"taxonomy":"category","embeddable":true,"href":"https:\/\/ckiw-tarnow.ohp.pl\/index.php\/wp-json\/wp\/v2\/categories?post=10026"},{"taxonomy":"post_tag","embeddable":true,"href":"https:\/\/ckiw-tarnow.ohp.pl\/index.php\/wp-json\/wp\/v2\/tags?post=10026"}],"curies":[{"name":"wp","href":"https:\/\/api.w.org\/{rel}","templated":true}]}}