{"id":10563,"date":"2021-04-29T13:47:56","date_gmt":"2021-04-29T11:47:56","guid":{"rendered":"http:\/\/ckiw-tarnow.ohp.pl\/?p=10563"},"modified":"2021-04-29T13:56:56","modified_gmt":"2021-04-29T11:56:56","slug":"centrum-ksztalcenia-i-wychowania-w-tarnowie-otrzymalo-akredytacje-w-programie-erasmus","status":"publish","type":"post","link":"https:\/\/ckiw-tarnow.ohp.pl\/index.php\/2021\/04\/29\/centrum-ksztalcenia-i-wychowania-w-tarnowie-otrzymalo-akredytacje-w-programie-erasmus\/","title":{"rendered":"Centrum Kszta\u0142cenia i Wychowania w Tarnowie otrzyma\u0142o Akredytacj\u0119 w programie Erasmus+"},"content":{"rendered":"\n<p>Centrum Kszta\u0142cenia i&nbsp;Wychowania OHP w&nbsp;Tarnowie uzyska\u0142o Akredytacj\u0119 w&nbsp;programie Erasmus+ na lata 2021-2027. Tym samym znalaz\u0142o si\u0119 w gronie 433 plac\u00f3wek o\u015bwiatowych z ca\u0142ej Polski, kt\u00f3re otrzyma\u0142y Akredytacj\u0119 na realizacj\u0119 projekt\u00f3w w programie Erasmus+ w sektorze kszta\u0142cenie i szkolenia zawodowe.<\/p>\n\n\n\n<p>W nowym programie termin&nbsp;\u201eAkredytacja\u201d oznacza mo\u017cliwo\u015b\u0107 uczestnictwa w programie, to rodzaj \u201ebiletu wst\u0119pu do programu\u201d.<\/p>\n\n\n\n<p>Wnioskodawcy, kt\u00f3rzy pomy\u015blnie przeszli proces Akredytacji uzyskali uproszczony dost\u0119p do mo\u017cliwo\u015bci uzyskania dofinansowania w ramach Akcji 1.<\/p>\n\n\n\n<p>Przyznanie Akredytacji jest gwarancj\u0105 regularnego otrzymywania dofinansowania&nbsp;na dzia\u0142ania zwi\u0105zane z mobilno\u015bci\u0105 w ramach programu Erasmus bez konieczno\u015bci corocznego udzia\u0142u w konkursach wniosk\u00f3w.<\/p>\n\n\n\n<p>Oznacza to, \u017ce CKiW OHP w Tarnowie a\u017c do 2027 roku b\u0119dzie regularnie otrzymywa\u0142o unijne \u015brodki finansowe na wyjazdy zagraniczne m\u0142odzie\u017cy i zapewnienie im najwy\u017cszego poziomu kszta\u0142cenia zawodowego.<\/p>\n\n\n\n<p>Jest te\u017c dowodem na to, \u017ce instytucja wnioskuj\u0105ca o&nbsp;Akredytacj\u0119 jest gotowa spe\u0142ni\u0107 wszystkie standardy jako\u015bci Erasmusa, a&nbsp;przedstawione cele i&nbsp;dzia\u0142ania zapewni\u0105 uczestnikom projekt\u00f3w mo\u017cliwo\u015b\u0107 mobilno\u015bci edukacyjnej i&nbsp;przyczyni\u0105 si\u0119 do rozwoju organizacji. Z&nbsp;zaplanowanych dzia\u0142a\u0144 b\u0119d\u0105 mogli skorzysta\u0107 nie tylko uczniowie, ale i&nbsp;kadra Centrum.<br>Otrzymanie Akredytacji to wspania\u0142a wiadomo\u015b\u0107 dla ca\u0142ego grona pedagogicznego, ale przede wszystkim dla uczni\u00f3w, kt\u00f3rzy b\u0119d\u0105 mogli zdobywa\u0107 nowe kwalifikacje i cenione na rynku pracy do\u015bwiadczenie zawodowe podczas zagranicznych praktyk. M\u0142odzie\u017c b\u0119dzie mog\u0142a poszerza\u0107 horyzonty, poznawa\u0107 \u015bwiat i uczy\u0107 si\u0119 j\u0119zyk\u00f3w obcych. B\u0119dzie to te\u017c okazja do poznawania ludzi z innych kraj\u00f3w i ich obyczaj\u00f3w.<\/p>\n\n\n\n<p>Wi\u0119cej informacji na temat Akredytacji na stronie programu:<\/p>\n\n\n\n<p><a href=\"https:\/\/erasmusplus.org.pl\/akredytacja-w-programie-na-lata-2021-2027\">https:\/\/erasmusplus.org.pl\/akredytacja-w-programie-na-lata-2021-2027<\/a><\/p>\n\n\n\n<p>Opracowanie: Agnieszka Hajduk<\/p>\n\n\n\n<figure class=\"wp-block-image size-large\"><img loading=\"lazy\" decoding=\"async\" width=\"1024\" height=\"292\" src=\"https:\/\/ckiw-tarnow.ohp.pl\/wp-content\/uploads\/2020\/06\/EU-flag-Erasmus_vect_POS-1024x292.jpg\" alt=\"\" class=\"wp-image-9598\" srcset=\"https:\/\/ckiw-tarnow.ohp.pl\/wp-content\/uploads\/2020\/06\/EU-flag-Erasmus_vect_POS-1024x292.jpg 1024w, https:\/\/ckiw-tarnow.ohp.pl\/wp-content\/uploads\/2020\/06\/EU-flag-Erasmus_vect_POS-300x86.jpg 300w, https:\/\/ckiw-tarnow.ohp.pl\/wp-content\/uploads\/2020\/06\/EU-flag-Erasmus_vect_POS-768x219.jpg 768w, https:\/\/ckiw-tarnow.ohp.pl\/wp-content\/uploads\/2020\/06\/EU-flag-Erasmus_vect_POS-1536x439.jpg 1536w, https:\/\/ckiw-tarnow.ohp.pl\/wp-content\/uploads\/2020\/06\/EU-flag-Erasmus_vect_POS.jpg 1964w\" sizes=\"auto, (max-width: 1024px) 100vw, 1024px\" \/><\/figure>\n","protected":false},"excerpt":{"rendered":"<p>Centrum Kszta\u0142cenia i&nbsp;Wychowania OHP w&nbsp;Tarnowie uzyska\u0142o Akredytacj\u0119 w&nbsp;programie Erasmus+ na lata 2021-2027. Tym samym znalaz\u0142o si\u0119 w gronie 433 plac\u00f3wek o\u015bwiatowych z ca\u0142ej Polski, kt\u00f3re otrzyma\u0142y Akredytacj\u0119 na realizacj\u0119 projekt\u00f3w w programie Erasmus+ w sektorze kszta\u0142cenie i szkolenia zawodowe. W nowym programie termin&nbsp;\u201eAkredytacja\u201d oznacza mo\u017cliwo\u015b\u0107 uczestnictwa w programie, to rodzaj \u201ebiletu wst\u0119pu do programu\u201d. Wnioskodawcy, [&hellip;]<\/p>\n","protected":false},"author":8,"featured_media":9575,"comment_status":"closed","ping_status":"closed","sticky":false,"template":"","format":"standard","meta":{"footnotes":""},"categories":[2,7],"tags":[],"class_list":["post-10563","post","type-post","status-publish","format-standard","has-post-thumbnail","hentry","category-aktualnosci","category-projekty_ue"],"_links":{"self":[{"href":"https:\/\/ckiw-tarnow.ohp.pl\/index.php\/wp-json\/wp\/v2\/posts\/10563","targetHints":{"allow":["GET"]}}],"collection":[{"href":"https:\/\/ckiw-tarnow.ohp.pl\/index.php\/wp-json\/wp\/v2\/posts"}],"about":[{"href":"https:\/\/ckiw-tarnow.ohp.pl\/index.php\/wp-json\/wp\/v2\/types\/post"}],"author":[{"embeddable":true,"href":"https:\/\/ckiw-tarnow.ohp.pl\/index.php\/wp-json\/wp\/v2\/users\/8"}],"replies":[{"embeddable":true,"href":"https:\/\/ckiw-tarnow.ohp.pl\/index.php\/wp-json\/wp\/v2\/comments?post=10563"}],"version-history":[{"count":2,"href":"https:\/\/ckiw-tarnow.ohp.pl\/index.php\/wp-json\/wp\/v2\/posts\/10563\/revisions"}],"predecessor-version":[{"id":10565,"href":"https:\/\/ckiw-tarnow.ohp.pl\/index.php\/wp-json\/wp\/v2\/posts\/10563\/revisions\/10565"}],"wp:featuredmedia":[{"embeddable":true,"href":"https:\/\/ckiw-tarnow.ohp.pl\/index.php\/wp-json\/wp\/v2\/media\/9575"}],"wp:attachment":[{"href":"https:\/\/ckiw-tarnow.ohp.pl\/index.php\/wp-json\/wp\/v2\/media?parent=10563"}],"wp:term":[{"taxonomy":"category","embeddable":true,"href":"https:\/\/ckiw-tarnow.ohp.pl\/index.php\/wp-json\/wp\/v2\/categories?post=10563"},{"taxonomy":"post_tag","embeddable":true,"href":"https:\/\/ckiw-tarnow.ohp.pl\/index.php\/wp-json\/wp\/v2\/tags?post=10563"}],"curies":[{"name":"wp","href":"https:\/\/api.w.org\/{rel}","templated":true}]}}