{"id":10801,"date":"2021-09-01T10:06:07","date_gmt":"2021-09-01T08:06:07","guid":{"rendered":"http:\/\/ckiw-tarnow.ohp.pl\/?p=10801"},"modified":"2021-09-01T10:06:09","modified_gmt":"2021-09-01T08:06:09","slug":"nowy-rok-nowe-cele-2","status":"publish","type":"post","link":"https:\/\/ckiw-tarnow.ohp.pl\/index.php\/2021\/09\/01\/nowy-rok-nowe-cele-2\/","title":{"rendered":"Nowy rok, nowe cele"},"content":{"rendered":"\n<p>W Centrum Kszta\u0142cenia i Wychowania OHP w Tarnowie na Sali Lustrzanej odby\u0142a si\u0119 inauguracja roku szkolnego 2021\/2022. Na wst\u0119pie pani Anna Bieniasz Dyrektor Zespo\u0142u Szk\u00f3\u0142 Niepublicznych przywita\u0142a zgromadzonych oraz przedstawi\u0142a grono pedagogiczne. Nast\u0119pnie odnios\u0142a si\u0119 do has\u0142a przewodniego tego roku szkolnego, kt\u00f3rym jest \u201eRado\u015b\u0107\u201d, u\u015bwiadamiaj\u0105c wszystkim jak wa\u017cna jest ona w naszym \u017cyciu. Kolejno g\u0142os zabrali Dyrektor CKiW OHP pan Grzegorz Krupa oraz ksi\u0105dz Piotr Pasek \u017cycz\u0105c wszystkim cierpliwo\u015bci i konsekwencji w d\u0105\u017ceniu do celu. Po zako\u0144czonym spotkaniu inauguracyjnym wszyscy udali si\u0119 do swoich klas.<\/p>\n\n\n\n<figure class=\"wp-block-image size-large\"><img loading=\"lazy\" decoding=\"async\" width=\"812\" height=\"1024\" src=\"https:\/\/ckiw-tarnow.ohp.pl\/wp-content\/uploads\/2021\/09\/20210901_090708-812x1024.jpg\" alt=\"\" class=\"wp-image-10805\" srcset=\"https:\/\/ckiw-tarnow.ohp.pl\/wp-content\/uploads\/2021\/09\/20210901_090708-812x1024.jpg 812w, https:\/\/ckiw-tarnow.ohp.pl\/wp-content\/uploads\/2021\/09\/20210901_090708-238x300.jpg 238w, https:\/\/ckiw-tarnow.ohp.pl\/wp-content\/uploads\/2021\/09\/20210901_090708-768x969.jpg 768w, https:\/\/ckiw-tarnow.ohp.pl\/wp-content\/uploads\/2021\/09\/20210901_090708-1218x1536.jpg 1218w, https:\/\/ckiw-tarnow.ohp.pl\/wp-content\/uploads\/2021\/09\/20210901_090708.jpg 1289w\" sizes=\"auto, (max-width: 812px) 100vw, 812px\" \/><\/figure>\n\n\n\n<figure class=\"wp-block-image size-large\"><img loading=\"lazy\" decoding=\"async\" width=\"683\" height=\"1024\" src=\"https:\/\/ckiw-tarnow.ohp.pl\/wp-content\/uploads\/2021\/09\/20210901_090808-683x1024.jpg\" alt=\"\" class=\"wp-image-10807\" srcset=\"https:\/\/ckiw-tarnow.ohp.pl\/wp-content\/uploads\/2021\/09\/20210901_090808-683x1024.jpg 683w, https:\/\/ckiw-tarnow.ohp.pl\/wp-content\/uploads\/2021\/09\/20210901_090808-200x300.jpg 200w, https:\/\/ckiw-tarnow.ohp.pl\/wp-content\/uploads\/2021\/09\/20210901_090808-768x1152.jpg 768w, https:\/\/ckiw-tarnow.ohp.pl\/wp-content\/uploads\/2021\/09\/20210901_090808-1024x1536.jpg 1024w, https:\/\/ckiw-tarnow.ohp.pl\/wp-content\/uploads\/2021\/09\/20210901_090808.jpg 1182w\" sizes=\"auto, (max-width: 683px) 100vw, 683px\" \/><\/figure>\n\n\n\n<figure class=\"wp-block-image size-large\"><img loading=\"lazy\" decoding=\"async\" width=\"1024\" height=\"720\" src=\"https:\/\/ckiw-tarnow.ohp.pl\/wp-content\/uploads\/2021\/09\/20210901_090726-1024x720.jpg\" alt=\"\" class=\"wp-image-10806\" srcset=\"https:\/\/ckiw-tarnow.ohp.pl\/wp-content\/uploads\/2021\/09\/20210901_090726-1024x720.jpg 1024w, https:\/\/ckiw-tarnow.ohp.pl\/wp-content\/uploads\/2021\/09\/20210901_090726-300x211.jpg 300w, https:\/\/ckiw-tarnow.ohp.pl\/wp-content\/uploads\/2021\/09\/20210901_090726-768x540.jpg 768w, https:\/\/ckiw-tarnow.ohp.pl\/wp-content\/uploads\/2021\/09\/20210901_090726-1536x1080.jpg 1536w, https:\/\/ckiw-tarnow.ohp.pl\/wp-content\/uploads\/2021\/09\/20210901_090726.jpg 1726w\" sizes=\"auto, (max-width: 1024px) 100vw, 1024px\" \/><\/figure>\n","protected":false},"excerpt":{"rendered":"<p>W Centrum Kszta\u0142cenia i Wychowania OHP w Tarnowie na Sali Lustrzanej odby\u0142a si\u0119 inauguracja roku szkolnego 2021\/2022. Na wst\u0119pie pani Anna Bieniasz Dyrektor Zespo\u0142u Szk\u00f3\u0142 Niepublicznych przywita\u0142a zgromadzonych oraz przedstawi\u0142a grono pedagogiczne. Nast\u0119pnie odnios\u0142a si\u0119 do has\u0142a przewodniego tego roku szkolnego, kt\u00f3rym jest \u201eRado\u015b\u0107\u201d, u\u015bwiadamiaj\u0105c wszystkim jak wa\u017cna jest ona w naszym \u017cyciu. Kolejno g\u0142os [&hellip;]<\/p>\n","protected":false},"author":8,"featured_media":10804,"comment_status":"closed","ping_status":"closed","sticky":false,"template":"","format":"standard","meta":{"footnotes":""},"categories":[2],"tags":[],"class_list":["post-10801","post","type-post","status-publish","format-standard","has-post-thumbnail","hentry","category-aktualnosci"],"_links":{"self":[{"href":"https:\/\/ckiw-tarnow.ohp.pl\/index.php\/wp-json\/wp\/v2\/posts\/10801","targetHints":{"allow":["GET"]}}],"collection":[{"href":"https:\/\/ckiw-tarnow.ohp.pl\/index.php\/wp-json\/wp\/v2\/posts"}],"about":[{"href":"https:\/\/ckiw-tarnow.ohp.pl\/index.php\/wp-json\/wp\/v2\/types\/post"}],"author":[{"embeddable":true,"href":"https:\/\/ckiw-tarnow.ohp.pl\/index.php\/wp-json\/wp\/v2\/users\/8"}],"replies":[{"embeddable":true,"href":"https:\/\/ckiw-tarnow.ohp.pl\/index.php\/wp-json\/wp\/v2\/comments?post=10801"}],"version-history":[{"count":3,"href":"https:\/\/ckiw-tarnow.ohp.pl\/index.php\/wp-json\/wp\/v2\/posts\/10801\/revisions"}],"predecessor-version":[{"id":10811,"href":"https:\/\/ckiw-tarnow.ohp.pl\/index.php\/wp-json\/wp\/v2\/posts\/10801\/revisions\/10811"}],"wp:featuredmedia":[{"embeddable":true,"href":"https:\/\/ckiw-tarnow.ohp.pl\/index.php\/wp-json\/wp\/v2\/media\/10804"}],"wp:attachment":[{"href":"https:\/\/ckiw-tarnow.ohp.pl\/index.php\/wp-json\/wp\/v2\/media?parent=10801"}],"wp:term":[{"taxonomy":"category","embeddable":true,"href":"https:\/\/ckiw-tarnow.ohp.pl\/index.php\/wp-json\/wp\/v2\/categories?post=10801"},{"taxonomy":"post_tag","embeddable":true,"href":"https:\/\/ckiw-tarnow.ohp.pl\/index.php\/wp-json\/wp\/v2\/tags?post=10801"}],"curies":[{"name":"wp","href":"https:\/\/api.w.org\/{rel}","templated":true}]}}