{"id":10826,"date":"2021-09-20T10:58:25","date_gmt":"2021-09-20T08:58:25","guid":{"rendered":"http:\/\/ckiw-tarnow.ohp.pl\/?p=10826"},"modified":"2021-09-20T10:59:22","modified_gmt":"2021-09-20T08:59:22","slug":"dni-otwarte-funduszy-europejskich-w-tarnowskim-ckiw-ohp","status":"publish","type":"post","link":"https:\/\/ckiw-tarnow.ohp.pl\/index.php\/2021\/09\/20\/dni-otwarte-funduszy-europejskich-w-tarnowskim-ckiw-ohp\/","title":{"rendered":"Dni Otwarte Funduszy Europejskich w tarnowskim CKiW OHP"},"content":{"rendered":"\n<p>Dni Otwarte Funduszy Europejskich ( DOFE) to najwi\u0119ksza impreza zwi\u0105zana z Funduszami Europejskimi w Polsce. Akcja DOFE to cz\u0119\u015b\u0107 szerszej kampanii, kt\u00f3r\u0105 prowadzi Komisja Europejska. Jej nazwa to #EUinmyregion. W\u0142a\u015bnie dzi\u0119ki niej obywatele UE mog\u0105 zobaczy\u0107 r\u00f3\u017cnorodno\u015b\u0107 projekt\u00f3w realizowanych z pomoc\u0105 unijnych \u015brodk\u00f3w.<\/p>\n\n\n\n<p>Centrum Kszta\u0142cenia i Wychowania OHP w Tarnowie tak\u017ce w\u0142\u0105czy\u0142o si\u0119 w obchody Dni Otwartych Funduszy Europejskich. 17 wrze\u015bnia dla uczestnik\u00f3w zorganizowane zosta\u0142o spotkanie, na kt\u00f3rym pani Agnieszka Hajduk przedstawi\u0142a prezentacj\u0119 multimedialn\u0105 dotycz\u0105c\u0105 realizowanych projekt\u00f3w ze \u015brodk\u00f3w Unii Europejskiej. Podczas spotkania doradca zawodowy z Centrum Edukacji i Pracy M\u0142odzie\u017cy w Tarnowie, pani Katarzyna Chrzanowska przedstawi\u0142a aktualne trendy krajowego i europejskiego rynku pracy, oczekiwania pracodawc\u00f3w oraz cechy idealnego kandydata do pracy. Om\u00f3wi\u0142a r\u00f3wnie\u017c zasady poprawnego konstruowania dokument\u00f3w aplikacyjnych oraz poinformowa\u0142a o mo\u017cliwo\u015bciach skorzystania z sieci EURES. Obchody Dni Otwartych zako\u0144czy\u0142y si\u0119 wsp\u00f3lnym pocz\u0119stunkiem.<\/p>\n\n\n\n<p>Koordynatorem Dni Otwartych jest Ministerstwo Funduszy i Polityki Regionalnej przy wsparciu Ministerstwa Klimatu i \u015arodowiska i zaanga\u017cowaniu wi\u0119kszo\u015bci instytucji zajmuj\u0105cych si\u0119 Funduszami Europejskimi w Polsce.<\/p>\n\n\n\n<p>Opracowanie: Agnieszka Hajduk<\/p>\n\n\n\n<figure class=\"wp-block-image size-full\"><img loading=\"lazy\" decoding=\"async\" width=\"169\" height=\"188\" src=\"https:\/\/ckiw-tarnow.ohp.pl\/wp-content\/uploads\/2021\/09\/logo-dofe.png\" alt=\"\" class=\"wp-image-10835\"\/><\/figure>\n\n\n\n<figure class=\"wp-block-image size-full\"><img loading=\"lazy\" decoding=\"async\" width=\"720\" height=\"960\" src=\"https:\/\/ckiw-tarnow.ohp.pl\/wp-content\/uploads\/2021\/09\/242316774_403167904514204_104698381597835777_n.jpg\" alt=\"\" class=\"wp-image-10831\" srcset=\"https:\/\/ckiw-tarnow.ohp.pl\/wp-content\/uploads\/2021\/09\/242316774_403167904514204_104698381597835777_n.jpg 720w, https:\/\/ckiw-tarnow.ohp.pl\/wp-content\/uploads\/2021\/09\/242316774_403167904514204_104698381597835777_n-225x300.jpg 225w\" sizes=\"auto, (max-width: 720px) 100vw, 720px\" \/><\/figure>\n\n\n\n<figure class=\"wp-block-image size-full\"><img loading=\"lazy\" decoding=\"async\" width=\"960\" height=\"720\" src=\"https:\/\/ckiw-tarnow.ohp.pl\/wp-content\/uploads\/2021\/09\/242284689_634753690827778_5962283387385224311_n.jpg\" alt=\"\" class=\"wp-image-10828\" srcset=\"https:\/\/ckiw-tarnow.ohp.pl\/wp-content\/uploads\/2021\/09\/242284689_634753690827778_5962283387385224311_n.jpg 960w, https:\/\/ckiw-tarnow.ohp.pl\/wp-content\/uploads\/2021\/09\/242284689_634753690827778_5962283387385224311_n-300x225.jpg 300w, https:\/\/ckiw-tarnow.ohp.pl\/wp-content\/uploads\/2021\/09\/242284689_634753690827778_5962283387385224311_n-768x576.jpg 768w\" sizes=\"auto, (max-width: 960px) 100vw, 960px\" \/><\/figure>\n\n\n\n<figure class=\"wp-block-image size-full\"><img loading=\"lazy\" decoding=\"async\" width=\"720\" height=\"960\" src=\"https:\/\/ckiw-tarnow.ohp.pl\/wp-content\/uploads\/2021\/09\/242294118_661039421545036_1688821047566168629_n.jpg\" alt=\"\" class=\"wp-image-10829\" srcset=\"https:\/\/ckiw-tarnow.ohp.pl\/wp-content\/uploads\/2021\/09\/242294118_661039421545036_1688821047566168629_n.jpg 720w, https:\/\/ckiw-tarnow.ohp.pl\/wp-content\/uploads\/2021\/09\/242294118_661039421545036_1688821047566168629_n-225x300.jpg 225w\" sizes=\"auto, (max-width: 720px) 100vw, 720px\" \/><\/figure>\n\n\n\n<figure class=\"wp-block-image size-full\"><img loading=\"lazy\" decoding=\"async\" width=\"960\" height=\"720\" src=\"https:\/\/ckiw-tarnow.ohp.pl\/wp-content\/uploads\/2021\/09\/242299811_949278772317494_6696111699598098140_n.jpg\" alt=\"\" class=\"wp-image-10830\" srcset=\"https:\/\/ckiw-tarnow.ohp.pl\/wp-content\/uploads\/2021\/09\/242299811_949278772317494_6696111699598098140_n.jpg 960w, https:\/\/ckiw-tarnow.ohp.pl\/wp-content\/uploads\/2021\/09\/242299811_949278772317494_6696111699598098140_n-300x225.jpg 300w, https:\/\/ckiw-tarnow.ohp.pl\/wp-content\/uploads\/2021\/09\/242299811_949278772317494_6696111699598098140_n-768x576.jpg 768w\" sizes=\"auto, (max-width: 960px) 100vw, 960px\" \/><\/figure>\n\n\n\n<figure class=\"wp-block-image size-full\"><img loading=\"lazy\" decoding=\"async\" width=\"960\" height=\"720\" src=\"https:\/\/ckiw-tarnow.ohp.pl\/wp-content\/uploads\/2021\/09\/242403928_236159458337049_70173484788640334_n.jpg\" alt=\"\" class=\"wp-image-10832\" srcset=\"https:\/\/ckiw-tarnow.ohp.pl\/wp-content\/uploads\/2021\/09\/242403928_236159458337049_70173484788640334_n.jpg 960w, https:\/\/ckiw-tarnow.ohp.pl\/wp-content\/uploads\/2021\/09\/242403928_236159458337049_70173484788640334_n-300x225.jpg 300w, https:\/\/ckiw-tarnow.ohp.pl\/wp-content\/uploads\/2021\/09\/242403928_236159458337049_70173484788640334_n-768x576.jpg 768w\" sizes=\"auto, (max-width: 960px) 100vw, 960px\" \/><\/figure>\n","protected":false},"excerpt":{"rendered":"<p>Dni Otwarte Funduszy Europejskich ( DOFE) to najwi\u0119ksza impreza zwi\u0105zana z Funduszami Europejskimi w Polsce. Akcja DOFE to cz\u0119\u015b\u0107 szerszej kampanii, kt\u00f3r\u0105 prowadzi Komisja Europejska. Jej nazwa to #EUinmyregion. W\u0142a\u015bnie dzi\u0119ki niej obywatele UE mog\u0105 zobaczy\u0107 r\u00f3\u017cnorodno\u015b\u0107 projekt\u00f3w realizowanych z pomoc\u0105 unijnych \u015brodk\u00f3w. Centrum Kszta\u0142cenia i Wychowania OHP w Tarnowie tak\u017ce w\u0142\u0105czy\u0142o si\u0119 w obchody [&hellip;]<\/p>\n","protected":false},"author":8,"featured_media":10827,"comment_status":"closed","ping_status":"closed","sticky":false,"template":"","format":"standard","meta":{"footnotes":""},"categories":[2,7],"tags":[],"class_list":["post-10826","post","type-post","status-publish","format-standard","has-post-thumbnail","hentry","category-aktualnosci","category-projekty_ue"],"_links":{"self":[{"href":"https:\/\/ckiw-tarnow.ohp.pl\/index.php\/wp-json\/wp\/v2\/posts\/10826","targetHints":{"allow":["GET"]}}],"collection":[{"href":"https:\/\/ckiw-tarnow.ohp.pl\/index.php\/wp-json\/wp\/v2\/posts"}],"about":[{"href":"https:\/\/ckiw-tarnow.ohp.pl\/index.php\/wp-json\/wp\/v2\/types\/post"}],"author":[{"embeddable":true,"href":"https:\/\/ckiw-tarnow.ohp.pl\/index.php\/wp-json\/wp\/v2\/users\/8"}],"replies":[{"embeddable":true,"href":"https:\/\/ckiw-tarnow.ohp.pl\/index.php\/wp-json\/wp\/v2\/comments?post=10826"}],"version-history":[{"count":3,"href":"https:\/\/ckiw-tarnow.ohp.pl\/index.php\/wp-json\/wp\/v2\/posts\/10826\/revisions"}],"predecessor-version":[{"id":10836,"href":"https:\/\/ckiw-tarnow.ohp.pl\/index.php\/wp-json\/wp\/v2\/posts\/10826\/revisions\/10836"}],"wp:featuredmedia":[{"embeddable":true,"href":"https:\/\/ckiw-tarnow.ohp.pl\/index.php\/wp-json\/wp\/v2\/media\/10827"}],"wp:attachment":[{"href":"https:\/\/ckiw-tarnow.ohp.pl\/index.php\/wp-json\/wp\/v2\/media?parent=10826"}],"wp:term":[{"taxonomy":"category","embeddable":true,"href":"https:\/\/ckiw-tarnow.ohp.pl\/index.php\/wp-json\/wp\/v2\/categories?post=10826"},{"taxonomy":"post_tag","embeddable":true,"href":"https:\/\/ckiw-tarnow.ohp.pl\/index.php\/wp-json\/wp\/v2\/tags?post=10826"}],"curies":[{"name":"wp","href":"https:\/\/api.w.org\/{rel}","templated":true}]}}