{"id":10959,"date":"2021-10-15T13:18:21","date_gmt":"2021-10-15T11:18:21","guid":{"rendered":"http:\/\/ckiw-tarnow.ohp.pl\/?p=10959"},"modified":"2021-10-15T13:18:22","modified_gmt":"2021-10-15T11:18:22","slug":"inauguracja-roku-szkoleniowego-w-krakowie","status":"publish","type":"post","link":"https:\/\/ckiw-tarnow.ohp.pl\/index.php\/2021\/10\/15\/inauguracja-roku-szkoleniowego-w-krakowie\/","title":{"rendered":"Inauguracja roku szkoleniowego w Krakowie"},"content":{"rendered":"\n<p>12 pa\u017adziernika w Sanktuarium \u015awi\u0119tego Jana Paw\u0142a II w Krakowie odby\u0142a si\u0119 Wojew\u00f3dzka Inauguracja Roku Szkoleniowego OHP 2021\/2022 po\u0142\u0105czona z obchodami X rocznicy ustanowienia Jana Paw\u0142a II patronem m\u0142odzie\u017cy Ochotniczych Hufc\u00f3w Pracy. W obchodach tych uczestniczy\u0142a delegacja Centrum Kszta\u0142cenia i Wychowania OHP w Tarnowie z Dyrektorem Panem Mariuszem Haba oraz trzyosobow\u0105 grup\u0105 uczestnik\u00f3w pod opiek\u0105 wychowawc\u00f3w.<\/p>\n\n\n\n<p>Tekst: Ryszard Zyzak<\/p>\n\n\n\n<figure class=\"wp-block-image size-large\"><img loading=\"lazy\" decoding=\"async\" width=\"768\" height=\"1024\" src=\"https:\/\/ckiw-tarnow.ohp.pl\/wp-content\/uploads\/2021\/10\/20211012_105507-768x1024.jpg\" alt=\"\" class=\"wp-image-10960\" srcset=\"https:\/\/ckiw-tarnow.ohp.pl\/wp-content\/uploads\/2021\/10\/20211012_105507-768x1024.jpg 768w, https:\/\/ckiw-tarnow.ohp.pl\/wp-content\/uploads\/2021\/10\/20211012_105507-225x300.jpg 225w, https:\/\/ckiw-tarnow.ohp.pl\/wp-content\/uploads\/2021\/10\/20211012_105507-1152x1536.jpg 1152w, https:\/\/ckiw-tarnow.ohp.pl\/wp-content\/uploads\/2021\/10\/20211012_105507-1536x2048.jpg 1536w, https:\/\/ckiw-tarnow.ohp.pl\/wp-content\/uploads\/2021\/10\/20211012_105507-scaled.jpg 1920w\" sizes=\"auto, (max-width: 768px) 100vw, 768px\" \/><\/figure>\n\n\n\n<figure class=\"wp-block-image size-large\"><img loading=\"lazy\" decoding=\"async\" width=\"768\" height=\"1024\" src=\"https:\/\/ckiw-tarnow.ohp.pl\/wp-content\/uploads\/2021\/10\/20211012_132423-768x1024.jpg\" alt=\"\" class=\"wp-image-10966\" srcset=\"https:\/\/ckiw-tarnow.ohp.pl\/wp-content\/uploads\/2021\/10\/20211012_132423-768x1024.jpg 768w, https:\/\/ckiw-tarnow.ohp.pl\/wp-content\/uploads\/2021\/10\/20211012_132423-225x300.jpg 225w, https:\/\/ckiw-tarnow.ohp.pl\/wp-content\/uploads\/2021\/10\/20211012_132423-1152x1536.jpg 1152w, https:\/\/ckiw-tarnow.ohp.pl\/wp-content\/uploads\/2021\/10\/20211012_132423-1536x2048.jpg 1536w, https:\/\/ckiw-tarnow.ohp.pl\/wp-content\/uploads\/2021\/10\/20211012_132423-scaled.jpg 1920w\" sizes=\"auto, (max-width: 768px) 100vw, 768px\" \/><\/figure>\n\n\n\n<figure class=\"wp-block-image size-large\"><img loading=\"lazy\" decoding=\"async\" width=\"741\" height=\"1024\" src=\"https:\/\/ckiw-tarnow.ohp.pl\/wp-content\/uploads\/2021\/10\/20211012_112628-741x1024.jpg\" alt=\"\" class=\"wp-image-10961\" srcset=\"https:\/\/ckiw-tarnow.ohp.pl\/wp-content\/uploads\/2021\/10\/20211012_112628-741x1024.jpg 741w, https:\/\/ckiw-tarnow.ohp.pl\/wp-content\/uploads\/2021\/10\/20211012_112628-217x300.jpg 217w, https:\/\/ckiw-tarnow.ohp.pl\/wp-content\/uploads\/2021\/10\/20211012_112628-768x1061.jpg 768w, https:\/\/ckiw-tarnow.ohp.pl\/wp-content\/uploads\/2021\/10\/20211012_112628-1112x1536.jpg 1112w, https:\/\/ckiw-tarnow.ohp.pl\/wp-content\/uploads\/2021\/10\/20211012_112628-1482x2048.jpg 1482w, https:\/\/ckiw-tarnow.ohp.pl\/wp-content\/uploads\/2021\/10\/20211012_112628-scaled.jpg 1853w\" sizes=\"auto, (max-width: 741px) 100vw, 741px\" \/><\/figure>\n\n\n\n<figure class=\"wp-block-image size-large\"><img loading=\"lazy\" decoding=\"async\" width=\"768\" height=\"1024\" src=\"https:\/\/ckiw-tarnow.ohp.pl\/wp-content\/uploads\/2021\/10\/20211012_114047-768x1024.jpg\" alt=\"\" class=\"wp-image-10962\" srcset=\"https:\/\/ckiw-tarnow.ohp.pl\/wp-content\/uploads\/2021\/10\/20211012_114047-768x1024.jpg 768w, https:\/\/ckiw-tarnow.ohp.pl\/wp-content\/uploads\/2021\/10\/20211012_114047-225x300.jpg 225w, https:\/\/ckiw-tarnow.ohp.pl\/wp-content\/uploads\/2021\/10\/20211012_114047-1152x1536.jpg 1152w, https:\/\/ckiw-tarnow.ohp.pl\/wp-content\/uploads\/2021\/10\/20211012_114047-scaled.jpg 1920w\" sizes=\"auto, (max-width: 768px) 100vw, 768px\" \/><\/figure>\n\n\n\n<figure class=\"wp-block-image size-large\"><img loading=\"lazy\" decoding=\"async\" width=\"1024\" height=\"768\" src=\"https:\/\/ckiw-tarnow.ohp.pl\/wp-content\/uploads\/2021\/10\/20211012_125744-1024x768.jpg\" alt=\"\" class=\"wp-image-10963\" srcset=\"https:\/\/ckiw-tarnow.ohp.pl\/wp-content\/uploads\/2021\/10\/20211012_125744-1024x768.jpg 1024w, https:\/\/ckiw-tarnow.ohp.pl\/wp-content\/uploads\/2021\/10\/20211012_125744-300x225.jpg 300w, https:\/\/ckiw-tarnow.ohp.pl\/wp-content\/uploads\/2021\/10\/20211012_125744-768x576.jpg 768w, https:\/\/ckiw-tarnow.ohp.pl\/wp-content\/uploads\/2021\/10\/20211012_125744-1536x1152.jpg 1536w, https:\/\/ckiw-tarnow.ohp.pl\/wp-content\/uploads\/2021\/10\/20211012_125744-2048x1536.jpg 2048w\" sizes=\"auto, (max-width: 1024px) 100vw, 1024px\" \/><\/figure>\n\n\n\n<figure class=\"wp-block-image size-large\"><img loading=\"lazy\" decoding=\"async\" width=\"768\" height=\"1024\" src=\"https:\/\/ckiw-tarnow.ohp.pl\/wp-content\/uploads\/2021\/10\/20211012_132313-768x1024.jpg\" alt=\"\" class=\"wp-image-10964\" srcset=\"https:\/\/ckiw-tarnow.ohp.pl\/wp-content\/uploads\/2021\/10\/20211012_132313-768x1024.jpg 768w, https:\/\/ckiw-tarnow.ohp.pl\/wp-content\/uploads\/2021\/10\/20211012_132313-225x300.jpg 225w, https:\/\/ckiw-tarnow.ohp.pl\/wp-content\/uploads\/2021\/10\/20211012_132313-scaled.jpg 1920w\" sizes=\"auto, (max-width: 768px) 100vw, 768px\" \/><\/figure>\n","protected":false},"excerpt":{"rendered":"<p>12 pa\u017adziernika w Sanktuarium \u015awi\u0119tego Jana Paw\u0142a II w Krakowie odby\u0142a si\u0119 Wojew\u00f3dzka Inauguracja Roku Szkoleniowego OHP 2021\/2022 po\u0142\u0105czona z obchodami X rocznicy ustanowienia Jana Paw\u0142a II patronem m\u0142odzie\u017cy Ochotniczych Hufc\u00f3w Pracy. W obchodach tych uczestniczy\u0142a delegacja Centrum Kszta\u0142cenia i Wychowania OHP w Tarnowie z Dyrektorem Panem Mariuszem Haba oraz trzyosobow\u0105 grup\u0105 uczestnik\u00f3w pod opiek\u0105 [&hellip;]<\/p>\n","protected":false},"author":8,"featured_media":10965,"comment_status":"closed","ping_status":"closed","sticky":false,"template":"","format":"standard","meta":{"footnotes":""},"categories":[2],"tags":[],"class_list":["post-10959","post","type-post","status-publish","format-standard","has-post-thumbnail","hentry","category-aktualnosci"],"_links":{"self":[{"href":"https:\/\/ckiw-tarnow.ohp.pl\/index.php\/wp-json\/wp\/v2\/posts\/10959","targetHints":{"allow":["GET"]}}],"collection":[{"href":"https:\/\/ckiw-tarnow.ohp.pl\/index.php\/wp-json\/wp\/v2\/posts"}],"about":[{"href":"https:\/\/ckiw-tarnow.ohp.pl\/index.php\/wp-json\/wp\/v2\/types\/post"}],"author":[{"embeddable":true,"href":"https:\/\/ckiw-tarnow.ohp.pl\/index.php\/wp-json\/wp\/v2\/users\/8"}],"replies":[{"embeddable":true,"href":"https:\/\/ckiw-tarnow.ohp.pl\/index.php\/wp-json\/wp\/v2\/comments?post=10959"}],"version-history":[{"count":2,"href":"https:\/\/ckiw-tarnow.ohp.pl\/index.php\/wp-json\/wp\/v2\/posts\/10959\/revisions"}],"predecessor-version":[{"id":10968,"href":"https:\/\/ckiw-tarnow.ohp.pl\/index.php\/wp-json\/wp\/v2\/posts\/10959\/revisions\/10968"}],"wp:featuredmedia":[{"embeddable":true,"href":"https:\/\/ckiw-tarnow.ohp.pl\/index.php\/wp-json\/wp\/v2\/media\/10965"}],"wp:attachment":[{"href":"https:\/\/ckiw-tarnow.ohp.pl\/index.php\/wp-json\/wp\/v2\/media?parent=10959"}],"wp:term":[{"taxonomy":"category","embeddable":true,"href":"https:\/\/ckiw-tarnow.ohp.pl\/index.php\/wp-json\/wp\/v2\/categories?post=10959"},{"taxonomy":"post_tag","embeddable":true,"href":"https:\/\/ckiw-tarnow.ohp.pl\/index.php\/wp-json\/wp\/v2\/tags?post=10959"}],"curies":[{"name":"wp","href":"https:\/\/api.w.org\/{rel}","templated":true}]}}