{"id":11461,"date":"2022-03-16T13:10:11","date_gmt":"2022-03-16T12:10:11","guid":{"rendered":"http:\/\/ckiw-tarnow.ohp.pl\/?p=11461"},"modified":"2022-03-16T13:10:12","modified_gmt":"2022-03-16T12:10:12","slug":"oferta-ckiw-ohp-tarnow-na-targach-edukacyjnych","status":"publish","type":"post","link":"https:\/\/ckiw-tarnow.ohp.pl\/index.php\/2022\/03\/16\/oferta-ckiw-ohp-tarnow-na-targach-edukacyjnych\/","title":{"rendered":"Oferta CKiW OHP Tarn\u00f3w na Targach Edukacyjnych"},"content":{"rendered":"\n<p>We wtorek 16.03.2022 r. rozpocz\u0119\u0142y si\u0119 dwudniowe Powiatowe Targi Edukacyjne w Brzesku.<\/p>\n\n\n\n<p>Na targach reprezentowa\u0142y si\u0119 szko\u0142y i plac\u00f3wki wsp\u00f3\u0142pracuj\u0105ce z o\u015bwiat\u0105.<\/p>\n\n\n\n<p>Targi Edukacyjne skierowane s\u0105 do uczni\u00f3w ostatnich klas Szk\u00f3\u0142 Podstawowych. Przedstawiciele CKiW OHP w Tarnowie r\u00f3wnie\u017c zaprezentowali\u00a0ofert\u0119 plac\u00f3wki na rok szkolny 2022\/2023 r.<\/p>\n\n\n\n<figure class=\"wp-block-image size-large\"><img loading=\"lazy\" decoding=\"async\" width=\"1024\" height=\"766\" src=\"https:\/\/ckiw-tarnow.ohp.pl\/wp-content\/uploads\/2022\/03\/275722959_1318646695271397_2728496210438615467_n-1024x766.jpg\" alt=\"\" class=\"wp-image-11463\" srcset=\"https:\/\/ckiw-tarnow.ohp.pl\/wp-content\/uploads\/2022\/03\/275722959_1318646695271397_2728496210438615467_n-1024x766.jpg 1024w, https:\/\/ckiw-tarnow.ohp.pl\/wp-content\/uploads\/2022\/03\/275722959_1318646695271397_2728496210438615467_n-300x224.jpg 300w, https:\/\/ckiw-tarnow.ohp.pl\/wp-content\/uploads\/2022\/03\/275722959_1318646695271397_2728496210438615467_n-768x575.jpg 768w, https:\/\/ckiw-tarnow.ohp.pl\/wp-content\/uploads\/2022\/03\/275722959_1318646695271397_2728496210438615467_n-1536x1149.jpg 1536w, https:\/\/ckiw-tarnow.ohp.pl\/wp-content\/uploads\/2022\/03\/275722959_1318646695271397_2728496210438615467_n.jpg 2048w\" sizes=\"auto, (max-width: 1024px) 100vw, 1024px\" \/><\/figure>\n\n\n\n<figure class=\"wp-block-image size-large\"><img loading=\"lazy\" decoding=\"async\" width=\"1024\" height=\"766\" src=\"https:\/\/ckiw-tarnow.ohp.pl\/wp-content\/uploads\/2022\/03\/275850867_2750999671873550_8085630221545821077_n-1024x766.jpg\" alt=\"\" class=\"wp-image-11464\" srcset=\"https:\/\/ckiw-tarnow.ohp.pl\/wp-content\/uploads\/2022\/03\/275850867_2750999671873550_8085630221545821077_n-1024x766.jpg 1024w, https:\/\/ckiw-tarnow.ohp.pl\/wp-content\/uploads\/2022\/03\/275850867_2750999671873550_8085630221545821077_n-300x224.jpg 300w, https:\/\/ckiw-tarnow.ohp.pl\/wp-content\/uploads\/2022\/03\/275850867_2750999671873550_8085630221545821077_n-768x575.jpg 768w, https:\/\/ckiw-tarnow.ohp.pl\/wp-content\/uploads\/2022\/03\/275850867_2750999671873550_8085630221545821077_n-1536x1149.jpg 1536w, https:\/\/ckiw-tarnow.ohp.pl\/wp-content\/uploads\/2022\/03\/275850867_2750999671873550_8085630221545821077_n.jpg 2048w\" sizes=\"auto, (max-width: 1024px) 100vw, 1024px\" \/><\/figure>\n\n\n\n<figure class=\"wp-block-image size-large\"><img loading=\"lazy\" decoding=\"async\" width=\"763\" height=\"1024\" src=\"https:\/\/ckiw-tarnow.ohp.pl\/wp-content\/uploads\/2022\/03\/275756279_666374167961793_5646310403800753348_n-763x1024.jpg\" alt=\"\" class=\"wp-image-11465\" srcset=\"https:\/\/ckiw-tarnow.ohp.pl\/wp-content\/uploads\/2022\/03\/275756279_666374167961793_5646310403800753348_n-763x1024.jpg 763w, https:\/\/ckiw-tarnow.ohp.pl\/wp-content\/uploads\/2022\/03\/275756279_666374167961793_5646310403800753348_n-223x300.jpg 223w, https:\/\/ckiw-tarnow.ohp.pl\/wp-content\/uploads\/2022\/03\/275756279_666374167961793_5646310403800753348_n-768x1031.jpg 768w, https:\/\/ckiw-tarnow.ohp.pl\/wp-content\/uploads\/2022\/03\/275756279_666374167961793_5646310403800753348_n-1144x1536.jpg 1144w, https:\/\/ckiw-tarnow.ohp.pl\/wp-content\/uploads\/2022\/03\/275756279_666374167961793_5646310403800753348_n.jpg 1525w\" sizes=\"auto, (max-width: 763px) 100vw, 763px\" \/><\/figure>\n","protected":false},"excerpt":{"rendered":"<p>We wtorek 16.03.2022 r. rozpocz\u0119\u0142y si\u0119 dwudniowe Powiatowe Targi Edukacyjne w Brzesku. Na targach reprezentowa\u0142y si\u0119 szko\u0142y i plac\u00f3wki wsp\u00f3\u0142pracuj\u0105ce z o\u015bwiat\u0105. Targi Edukacyjne skierowane s\u0105 do uczni\u00f3w ostatnich klas Szk\u00f3\u0142 Podstawowych. Przedstawiciele CKiW OHP w Tarnowie r\u00f3wnie\u017c zaprezentowali\u00a0ofert\u0119 plac\u00f3wki na rok szkolny 2022\/2023 r.<\/p>\n","protected":false},"author":9,"featured_media":11462,"comment_status":"closed","ping_status":"closed","sticky":false,"template":"","format":"standard","meta":{"footnotes":""},"categories":[2,21],"tags":[],"class_list":["post-11461","post","type-post","status-publish","format-standard","has-post-thumbnail","hentry","category-aktualnosci","category-ksztalcenie-i-wychowanie"],"_links":{"self":[{"href":"https:\/\/ckiw-tarnow.ohp.pl\/index.php\/wp-json\/wp\/v2\/posts\/11461","targetHints":{"allow":["GET"]}}],"collection":[{"href":"https:\/\/ckiw-tarnow.ohp.pl\/index.php\/wp-json\/wp\/v2\/posts"}],"about":[{"href":"https:\/\/ckiw-tarnow.ohp.pl\/index.php\/wp-json\/wp\/v2\/types\/post"}],"author":[{"embeddable":true,"href":"https:\/\/ckiw-tarnow.ohp.pl\/index.php\/wp-json\/wp\/v2\/users\/9"}],"replies":[{"embeddable":true,"href":"https:\/\/ckiw-tarnow.ohp.pl\/index.php\/wp-json\/wp\/v2\/comments?post=11461"}],"version-history":[{"count":1,"href":"https:\/\/ckiw-tarnow.ohp.pl\/index.php\/wp-json\/wp\/v2\/posts\/11461\/revisions"}],"predecessor-version":[{"id":11466,"href":"https:\/\/ckiw-tarnow.ohp.pl\/index.php\/wp-json\/wp\/v2\/posts\/11461\/revisions\/11466"}],"wp:featuredmedia":[{"embeddable":true,"href":"https:\/\/ckiw-tarnow.ohp.pl\/index.php\/wp-json\/wp\/v2\/media\/11462"}],"wp:attachment":[{"href":"https:\/\/ckiw-tarnow.ohp.pl\/index.php\/wp-json\/wp\/v2\/media?parent=11461"}],"wp:term":[{"taxonomy":"category","embeddable":true,"href":"https:\/\/ckiw-tarnow.ohp.pl\/index.php\/wp-json\/wp\/v2\/categories?post=11461"},{"taxonomy":"post_tag","embeddable":true,"href":"https:\/\/ckiw-tarnow.ohp.pl\/index.php\/wp-json\/wp\/v2\/tags?post=11461"}],"curies":[{"name":"wp","href":"https:\/\/api.w.org\/{rel}","templated":true}]}}