{"id":1154,"date":"2016-10-02T11:17:42","date_gmt":"2016-10-02T09:17:42","guid":{"rendered":"http:\/\/ckiw-tarnow.ohp.pl\/beta\/?p=1154"},"modified":"2016-10-03T11:20:00","modified_gmt":"2016-10-03T09:20:00","slug":"ogolnopolska-inauguracja-roku-szkoleniowego-ohp-w-sanktuarium-matki-bozej-bolesnej-krolowej-polski-w-licheniu","status":"publish","type":"post","link":"https:\/\/ckiw-tarnow.ohp.pl\/index.php\/2016\/10\/02\/ogolnopolska-inauguracja-roku-szkoleniowego-ohp-w-sanktuarium-matki-bozej-bolesnej-krolowej-polski-w-licheniu\/","title":{"rendered":"Og\u00f3lnopolska Inauguracja Roku Szkoleniowego OHP w Sanktuarium Matki Bo\u017cej Bolesnej Kr\u00f3lowej Polski w Licheniu"},"content":{"rendered":"<p>29 wrze\u015bnia 2016 r. delegacja Centrum Kszta\u0142cenia i Wychowania OHP w Tarnowie &#8211; pod przewodnictwem dyrektora tarnowskiego Centrum Pana Tomasza Stelmacha &#8211; wzi\u0119\u0142a udzia\u0142 w Og\u00f3lnopolskiej Inauguracji Roku Szkoleniowego 2016\/2017, w Licheniu zorganizowanej przez KG OHP.<\/p>\n<p>[espro-slider id=1142]<\/p>\n<p>Uroczysto\u015bci zwi\u0105zane z rozpocz\u0119ciem nowego roku szkoleniowego odby\u0142y si\u0119 w\u00a0 Sanktuarium Matki Bo\u017cej Bolesnej Liche\u0144skiej. W inauguracji wzi\u0119li udzia\u0142:\u00a0 Marek Surmacz Komendant G\u0142\u00f3wny Ochotniczych Hufc\u00f3w Pracy, jego zast\u0119pcy Renata Wicha i Wojciech Szewczyk, wojew\u00f3dzcy komendanci i dyrektorzy centr\u00f3w OHP, Duszpasterz Krajowy OHP ks. pra\u0142at Jaros\u0142aw Sroka, wojew\u00f3dzcy duszpasterze OHP, przedstawiciele parlamentarzyst\u00f3w, w\u0142adz administracyjnych i samorz\u0105dowych. W inauguracji uczestniczy\u0142a r\u00f3wnie\u017c Dyrektor Biura Ministra Rodziny Pracy i Polityki Spo\u0142ecznej Pani Gra\u017cyna O\u017carek.<\/p>\n<p>Dyrektor Biura Ministra \u00a0&#8211; Gra\u017cyna O\u017carek &#8211; odczyta\u0142a list Pani Minister El\u017cbiety Rafalskiej do m\u0142odzie\u017cy i kadry OHP, w kt\u00f3rym \u017cyczy\u0142a \u00a0satysfakcji, sukces\u00f3w i osi\u0105gni\u0119\u0107 w kszta\u0142ceniu i doskonaleniu umiej\u0119tno\u015bci zawodowych. Msz\u0119 \u015bw. w intencji Ochotniczych Hufc\u00f3w Pracy celebrowa\u0142 biskup pomocniczy archidiecezji pozna\u0144skiej, Wikariusz Generalny ks. Grzegorz Balcerek. W czasie nabo\u017ce\u0144stwa przedstawiciele uczestnik\u00f3w pierwszego rocznika z\u0142o\u017cyli uroczyste \u015blubowanie w imieniu og\u00f3\u0142u m\u0142odzie\u017cy rozpoczynaj\u0105cej kszta\u0142cenie w OHP. Delegacja kadry kierowniczej i m\u0142odzie\u017cy OHP z\u0142o\u017cy\u0142a kwiaty na p\u0142ycie\u00a0 pomnika \u015bw. Jana Paw\u0142a II.<\/p>\n","protected":false},"excerpt":{"rendered":"<p>29 wrze\u015bnia 2016 r. delegacja Centrum Kszta\u0142cenia i Wychowania OHP w Tarnowie &#8211; pod przewodnictwem dyrektora tarnowskiego Centrum Pana Tomasza Stelmacha &#8211; wzi\u0119\u0142a udzia\u0142 w Og\u00f3lnopolskiej Inauguracji Roku Szkoleniowego 2016\/2017, w Licheniu zorganizowanej przez KG OHP. [espro-slider id=1142] Uroczysto\u015bci zwi\u0105zane z rozpocz\u0119ciem nowego roku szkoleniowego odby\u0142y si\u0119 w\u00a0 Sanktuarium Matki Bo\u017cej Bolesnej Liche\u0144skiej. W inauguracji [&hellip;]<\/p>\n","protected":false},"author":1,"featured_media":0,"comment_status":"closed","ping_status":"closed","sticky":false,"template":"","format":"standard","meta":{"footnotes":""},"categories":[2],"tags":[],"class_list":["post-1154","post","type-post","status-publish","format-standard","hentry","category-aktualnosci"],"_links":{"self":[{"href":"https:\/\/ckiw-tarnow.ohp.pl\/index.php\/wp-json\/wp\/v2\/posts\/1154","targetHints":{"allow":["GET"]}}],"collection":[{"href":"https:\/\/ckiw-tarnow.ohp.pl\/index.php\/wp-json\/wp\/v2\/posts"}],"about":[{"href":"https:\/\/ckiw-tarnow.ohp.pl\/index.php\/wp-json\/wp\/v2\/types\/post"}],"author":[{"embeddable":true,"href":"https:\/\/ckiw-tarnow.ohp.pl\/index.php\/wp-json\/wp\/v2\/users\/1"}],"replies":[{"embeddable":true,"href":"https:\/\/ckiw-tarnow.ohp.pl\/index.php\/wp-json\/wp\/v2\/comments?post=1154"}],"version-history":[{"count":3,"href":"https:\/\/ckiw-tarnow.ohp.pl\/index.php\/wp-json\/wp\/v2\/posts\/1154\/revisions"}],"predecessor-version":[{"id":1157,"href":"https:\/\/ckiw-tarnow.ohp.pl\/index.php\/wp-json\/wp\/v2\/posts\/1154\/revisions\/1157"}],"wp:attachment":[{"href":"https:\/\/ckiw-tarnow.ohp.pl\/index.php\/wp-json\/wp\/v2\/media?parent=1154"}],"wp:term":[{"taxonomy":"category","embeddable":true,"href":"https:\/\/ckiw-tarnow.ohp.pl\/index.php\/wp-json\/wp\/v2\/categories?post=1154"},{"taxonomy":"post_tag","embeddable":true,"href":"https:\/\/ckiw-tarnow.ohp.pl\/index.php\/wp-json\/wp\/v2\/tags?post=1154"}],"curies":[{"name":"wp","href":"https:\/\/api.w.org\/{rel}","templated":true}]}}