{"id":1167,"date":"2016-10-03T14:19:31","date_gmt":"2016-10-03T12:19:31","guid":{"rendered":"http:\/\/ckiw-tarnow.ohp.pl\/beta\/?p=1167"},"modified":"2016-10-04T15:10:50","modified_gmt":"2016-10-04T13:10:50","slug":"zajecia-z-psychologiem-w-ramach-projektu-obudz-swoj-potencjal-yei-2","status":"publish","type":"post","link":"https:\/\/ckiw-tarnow.ohp.pl\/index.php\/2016\/10\/03\/zajecia-z-psychologiem-w-ramach-projektu-obudz-swoj-potencjal-yei-2\/","title":{"rendered":"Zaj\u0119cia z psychologiem w ramach projektu \u201eObud\u017a sw\u00f3j potencja\u0142 &#8211; YEI\u201d"},"content":{"rendered":"<p><a href=\"https:\/\/ckiw-tarnow.ohp.pl\/wp-content\/uploads\/2016\/07\/0000041157.jpg\" rel=\"attachment wp-att-634\"><img loading=\"lazy\" decoding=\"async\" class=\"aligncenter size-full wp-image-634\" src=\"https:\/\/ckiw-tarnow.ohp.pl\/wp-content\/uploads\/2016\/07\/0000041157.jpg\" alt=\"0000041157\" width=\"870\" height=\"240\" \/><\/a>W zaj\u0119ciach we\u017amie udzia\u0142 m\u0142odzie\u017c w wieku 18-24 lat, nieucz\u0105ca si\u0119 i niepracuj\u0105ca, posiadaj\u0105ca niskie kwalifikacje zawodowe, brak kwalifikacji b\u0105d\u017a kwalifikacje niedostosowane do potrzeb rynku pracy. W ramach zaj\u0119\u0107 grupowych dla m\u0142odzie\u017cy przewidziano zaj\u0119cia z zakresu integracji, komunikacji, negocjacji i rozwi\u0105zywania sytuacji konfliktowych. Ponadto w ramach warsztat\u00f3w zorganizowane zostanie szkolenie kszta\u0142tuj\u0105ce umiej\u0119tno\u015b\u0107 radzenia sobie w trudnych sytuacjach \u017cyciowych, celu podwy\u017cszenia samodzielno\u015bci i zwi\u0119kszenia szans znalezienia zatrudnienia. Podczas zaj\u0119\u0107 m\u0142odzie\u017c nauczy si\u0119 jak samemu radzi\u0107 sobie w sytuacjach kryzysowych i\/lub gdzie si\u0119 skutecznie zwr\u00f3ci\u0107 o pomoc.<\/p>\n","protected":false},"excerpt":{"rendered":"<p>W zaj\u0119ciach we\u017amie udzia\u0142 m\u0142odzie\u017c w wieku 18-24 lat, nieucz\u0105ca si\u0119 i niepracuj\u0105ca, posiadaj\u0105ca niskie kwalifikacje zawodowe, brak kwalifikacji b\u0105d\u017a kwalifikacje niedostosowane do potrzeb rynku pracy. W ramach zaj\u0119\u0107 grupowych dla m\u0142odzie\u017cy przewidziano zaj\u0119cia z zakresu integracji, komunikacji, negocjacji i rozwi\u0105zywania sytuacji konfliktowych. Ponadto w ramach warsztat\u00f3w zorganizowane zostanie szkolenie kszta\u0142tuj\u0105ce umiej\u0119tno\u015b\u0107 radzenia sobie w [&hellip;]<\/p>\n","protected":false},"author":1,"featured_media":0,"comment_status":"closed","ping_status":"closed","sticky":false,"template":"","format":"standard","meta":{"footnotes":""},"categories":[2,7,8],"tags":[],"class_list":["post-1167","post","type-post","status-publish","format-standard","hentry","category-aktualnosci","category-projekty_ue","category-w_realizacji"],"_links":{"self":[{"href":"https:\/\/ckiw-tarnow.ohp.pl\/index.php\/wp-json\/wp\/v2\/posts\/1167","targetHints":{"allow":["GET"]}}],"collection":[{"href":"https:\/\/ckiw-tarnow.ohp.pl\/index.php\/wp-json\/wp\/v2\/posts"}],"about":[{"href":"https:\/\/ckiw-tarnow.ohp.pl\/index.php\/wp-json\/wp\/v2\/types\/post"}],"author":[{"embeddable":true,"href":"https:\/\/ckiw-tarnow.ohp.pl\/index.php\/wp-json\/wp\/v2\/users\/1"}],"replies":[{"embeddable":true,"href":"https:\/\/ckiw-tarnow.ohp.pl\/index.php\/wp-json\/wp\/v2\/comments?post=1167"}],"version-history":[{"count":1,"href":"https:\/\/ckiw-tarnow.ohp.pl\/index.php\/wp-json\/wp\/v2\/posts\/1167\/revisions"}],"predecessor-version":[{"id":1168,"href":"https:\/\/ckiw-tarnow.ohp.pl\/index.php\/wp-json\/wp\/v2\/posts\/1167\/revisions\/1168"}],"wp:attachment":[{"href":"https:\/\/ckiw-tarnow.ohp.pl\/index.php\/wp-json\/wp\/v2\/media?parent=1167"}],"wp:term":[{"taxonomy":"category","embeddable":true,"href":"https:\/\/ckiw-tarnow.ohp.pl\/index.php\/wp-json\/wp\/v2\/categories?post=1167"},{"taxonomy":"post_tag","embeddable":true,"href":"https:\/\/ckiw-tarnow.ohp.pl\/index.php\/wp-json\/wp\/v2\/tags?post=1167"}],"curies":[{"name":"wp","href":"https:\/\/api.w.org\/{rel}","templated":true}]}}