{"id":1191,"date":"2016-10-06T12:30:29","date_gmt":"2016-10-06T10:30:29","guid":{"rendered":"http:\/\/ckiw-tarnow.ohp.pl\/beta\/?p=1191"},"modified":"2016-10-06T12:31:59","modified_gmt":"2016-10-06T10:31:59","slug":"spotkanie-dyrektorow-szkol-i-opiekunow-klubow-historycznych-z-zarzadem-okregu-tarnow-swiatowego-zwiazku-zolnierzy-armii-krajowej","status":"publish","type":"post","link":"https:\/\/ckiw-tarnow.ohp.pl\/index.php\/2016\/10\/06\/spotkanie-dyrektorow-szkol-i-opiekunow-klubow-historycznych-z-zarzadem-okregu-tarnow-swiatowego-zwiazku-zolnierzy-armii-krajowej\/","title":{"rendered":"Spotkanie Dyrektor\u00f3w Szk\u00f3\u0142 i Opiekun\u00f3w Klub\u00f3w Historycznych z Zarz\u0105dem Okr\u0119gu Tarn\u00f3w \u015awiatowego Zwi\u0105zku \u017bo\u0142nierzy Armii Krajowej"},"content":{"rendered":"<p>W Centrum Kszta\u0142cenia i Wychowania OHP w Tarnowie rozpocz\u0119\u0142o si\u0119 spotkanie Dyrektor\u00f3w Szk\u00f3\u0142 i Opiekun\u00f3w Klub\u00f3w Historycznych z Zarz\u0105dem Okr\u0119gu Tarn\u00f3w \u015awiatowego Zwi\u0105zku \u017bo\u0142nierzy Armii Krajowej. Na spotkaniu obecny jest Go\u015b\u0107 Honorowy p\u0142k Zdzis\u0142aw Baszak. W programie m.in. zwiedzanie Izby Pami\u0119ci \u017bo\u0142nierzy AK i konferencja.<\/p>\n<p>To wa\u017cne wydarzenie na d\u0142ugo pozostanie w pami\u0119ci os\u00f3b bior\u0105cych w nim udzia\u0142, a tak\u017ce uczestnik\u00f3w CKiW OHP &#8211; cz\u0142onk\u00f3w k\u00f3\u0142ka historycznego, kt\u00f3re od kilku tygodni dzia\u0142a w naszym Centrum.<\/p>\n<p><a href=\"https:\/\/ckiw-tarnow.ohp.pl\/wp-content\/uploads\/2016\/10\/14470643_1498025406891140_8234492615824742133_n.jpg\" rel=\"attachment wp-att-1192\"><img loading=\"lazy\" decoding=\"async\" class=\"aligncenter size-full wp-image-1192\" src=\"https:\/\/ckiw-tarnow.ohp.pl\/wp-content\/uploads\/2016\/10\/14470643_1498025406891140_8234492615824742133_n.jpg\" alt=\"14470643_1498025406891140_8234492615824742133_n\" width=\"720\" height=\"960\" \/><\/a> <a href=\"https:\/\/ckiw-tarnow.ohp.pl\/wp-content\/uploads\/2016\/10\/14485128_1498025266891154_365983439710222294_n.jpg\" rel=\"attachment wp-att-1193\"><img loading=\"lazy\" decoding=\"async\" class=\"aligncenter size-full wp-image-1193\" src=\"https:\/\/ckiw-tarnow.ohp.pl\/wp-content\/uploads\/2016\/10\/14485128_1498025266891154_365983439710222294_n.jpg\" alt=\"14485128_1498025266891154_365983439710222294_n\" width=\"960\" height=\"720\" \/><\/a> <a href=\"https:\/\/ckiw-tarnow.ohp.pl\/wp-content\/uploads\/2016\/10\/14516398_1498025410224473_8127225123955447159_n.jpg\" rel=\"attachment wp-att-1194\"><img loading=\"lazy\" decoding=\"async\" class=\"aligncenter size-full wp-image-1194\" src=\"https:\/\/ckiw-tarnow.ohp.pl\/wp-content\/uploads\/2016\/10\/14516398_1498025410224473_8127225123955447159_n.jpg\" alt=\"14516398_1498025410224473_8127225123955447159_n\" width=\"960\" height=\"720\" \/><\/a> <a href=\"https:\/\/ckiw-tarnow.ohp.pl\/wp-content\/uploads\/2016\/10\/14520584_1498025263557821_5248364606062084862_n.jpg\" rel=\"attachment wp-att-1195\"><img loading=\"lazy\" decoding=\"async\" class=\"aligncenter size-full wp-image-1195\" src=\"https:\/\/ckiw-tarnow.ohp.pl\/wp-content\/uploads\/2016\/10\/14520584_1498025263557821_5248364606062084862_n.jpg\" alt=\"14520584_1498025263557821_5248364606062084862_n\" width=\"960\" height=\"720\" \/><\/a><\/p>\n","protected":false},"excerpt":{"rendered":"<p>W Centrum Kszta\u0142cenia i Wychowania OHP w Tarnowie rozpocz\u0119\u0142o si\u0119 spotkanie Dyrektor\u00f3w Szk\u00f3\u0142 i Opiekun\u00f3w Klub\u00f3w Historycznych z Zarz\u0105dem Okr\u0119gu Tarn\u00f3w \u015awiatowego Zwi\u0105zku \u017bo\u0142nierzy Armii Krajowej. Na spotkaniu obecny jest Go\u015b\u0107 Honorowy p\u0142k Zdzis\u0142aw Baszak. W programie m.in. zwiedzanie Izby Pami\u0119ci \u017bo\u0142nierzy AK i konferencja. To wa\u017cne wydarzenie na d\u0142ugo pozostanie w pami\u0119ci os\u00f3b bior\u0105cych [&hellip;]<\/p>\n","protected":false},"author":1,"featured_media":0,"comment_status":"closed","ping_status":"closed","sticky":false,"template":"","format":"standard","meta":{"footnotes":""},"categories":[2],"tags":[],"class_list":["post-1191","post","type-post","status-publish","format-standard","hentry","category-aktualnosci"],"_links":{"self":[{"href":"https:\/\/ckiw-tarnow.ohp.pl\/index.php\/wp-json\/wp\/v2\/posts\/1191","targetHints":{"allow":["GET"]}}],"collection":[{"href":"https:\/\/ckiw-tarnow.ohp.pl\/index.php\/wp-json\/wp\/v2\/posts"}],"about":[{"href":"https:\/\/ckiw-tarnow.ohp.pl\/index.php\/wp-json\/wp\/v2\/types\/post"}],"author":[{"embeddable":true,"href":"https:\/\/ckiw-tarnow.ohp.pl\/index.php\/wp-json\/wp\/v2\/users\/1"}],"replies":[{"embeddable":true,"href":"https:\/\/ckiw-tarnow.ohp.pl\/index.php\/wp-json\/wp\/v2\/comments?post=1191"}],"version-history":[{"count":1,"href":"https:\/\/ckiw-tarnow.ohp.pl\/index.php\/wp-json\/wp\/v2\/posts\/1191\/revisions"}],"predecessor-version":[{"id":1196,"href":"https:\/\/ckiw-tarnow.ohp.pl\/index.php\/wp-json\/wp\/v2\/posts\/1191\/revisions\/1196"}],"wp:attachment":[{"href":"https:\/\/ckiw-tarnow.ohp.pl\/index.php\/wp-json\/wp\/v2\/media?parent=1191"}],"wp:term":[{"taxonomy":"category","embeddable":true,"href":"https:\/\/ckiw-tarnow.ohp.pl\/index.php\/wp-json\/wp\/v2\/categories?post=1191"},{"taxonomy":"post_tag","embeddable":true,"href":"https:\/\/ckiw-tarnow.ohp.pl\/index.php\/wp-json\/wp\/v2\/tags?post=1191"}],"curies":[{"name":"wp","href":"https:\/\/api.w.org\/{rel}","templated":true}]}}