{"id":1287,"date":"2016-10-12T10:19:03","date_gmt":"2016-10-12T08:19:03","guid":{"rendered":"http:\/\/ckiw-tarnow.ohp.pl\/beta\/?p=1287"},"modified":"2016-10-12T10:21:34","modified_gmt":"2016-10-12T08:21:34","slug":"inauguracja-roku-szkoleniowego-z-janem-pawlem-ii","status":"publish","type":"post","link":"https:\/\/ckiw-tarnow.ohp.pl\/index.php\/2016\/10\/12\/inauguracja-roku-szkoleniowego-z-janem-pawlem-ii\/","title":{"rendered":"Inauguracja roku szkoleniowego z Janem Paw\u0142em II"},"content":{"rendered":"<p>11 pa\u017adziernika 2016 r. delegacja Centrum Kszta\u0142cenia i Wychowania OHP w Tarnowie &#8211; pod przewodnictwem Dyrektora tarnowskiego Centrum Pana Tomasza Stelmacha &#8211; wzi\u0119\u0142a udzia\u0142 w Wojew\u00f3dzkiej Inauguracji Roku Szkoleniowego 2016\/2017, organizowanej przez Ma\u0142opolsk\u0105 WK OHP.<\/p>\n<p>[espro-slider id=1290]<\/p>\n<p>Uroczysto\u015bci zwi\u0105zane z rozpocz\u0119ciem nowego roku szkoleniowego oraz V Rocznic\u0105 og\u0142oszenia \u015bw. Jana Paw\u0142a II Patronem OHP, odby\u0142y si\u0119 w Centrum \u00a0Jana Paw\u0142a II w Krakowie &#8211; \u0141agiewnikach. Wraz z kilkusetosobow\u0105 grup\u0105 m\u0142odzie\u017cy OHP w inauguracji wzi\u0119li udzia\u0142: ks. biskup Damian Muskus, Komendant G\u0142\u00f3wny OHP \u2013 Marek Surmacz oraz jego zast\u0119pcy &#8211; Renata Wicha i Wojciech Szewczyk, Komendant MWK OHP\u00a0 &#8211; Krzysztof \u015awierczek oraz zast\u0119pca Bo\u017cena R\u0105\u017cewska, przedstawiciele parlamentu i samorz\u0105d\u00f3w. Ponadto w Inauguracji uczestniczyli duszpasterze m\u0142odzie\u017cy OHP, dyrektorzy, komendanci\u00a0 i kadra opieku\u0144czo-wychowawcza jednostek Ochotniczych Hufc\u00f3w Pracy wojew\u00f3dztwa ma\u0142opolskiego.<\/p>\n<p>Mszy \u015bw. koncelebrowanej przewodniczy\u0142 Biskup Pomocniczy Archidiecezji Krakowskiej ks. Damian Muskus. Przed rozpocz\u0119ciem liturgii, zosta\u0142 odczytany list Kardyna\u0142a Stanis\u0142awa Dziwisza Metropolity Krakowskiego, skierowany do Komendanta Wojew\u00f3dzkiego OHP Krzysztofa \u015awierczka ze s\u0142owami podzi\u0119kowania za zaanga\u017cowanie w przygotowania i udzia\u0142 spo\u0142eczno\u015bci OHP w \u015aDM. Po zako\u0144czeniu ofiary eucharystycznej, delegacja kadry kierowniczej OHP pod przewodnictwem Komendanta g\u0142\u00f3wnego &#8211; Marka Surmacza &#8211; z\u0142o\u017cy\u0142a kwiaty na p\u0142ycie z grobu\u00a0 \u015bw. Jana Paw\u0142a II.<\/p>\n<p>Wa\u017cnym momentem\u00a0 inauguracyjnego spotkania, by\u0142o uroczyste \u015blubowanie przedstawicieli uczestnik\u00f3w pierwszego rocznika, kt\u00f3re z\u0142o\u017cyli w imieniu og\u00f3\u0142u m\u0142odzie\u017cy rozpoczynaj\u0105cej kszta\u0142cenie w OHP wojew\u00f3dztwa ma\u0142opolskiego.<\/p>\n<p>Po Mszy \u015bw. w orszaku, z pocztem sztandarowym MWK, wszyscy przeszli pod krzy\u017c na wzg\u00f3rzu, gdzie zako\u0144czono wsp\u00f3ln\u0105 modlitw\u0119. Na zako\u0144czenie m\u0142odzie\u017c razem z kadr\u0105 opieku\u0144czo-wychowawcz\u0105 mia\u0142a mo\u017cliwo\u015b\u0107 zwiedzania Sanktuarium Bo\u017cego Mi\u0142osierdzia.<\/p>\n","protected":false},"excerpt":{"rendered":"<p>11 pa\u017adziernika 2016 r. delegacja Centrum Kszta\u0142cenia i Wychowania OHP w Tarnowie &#8211; pod przewodnictwem Dyrektora tarnowskiego Centrum Pana Tomasza Stelmacha &#8211; wzi\u0119\u0142a udzia\u0142 w Wojew\u00f3dzkiej Inauguracji Roku Szkoleniowego 2016\/2017, organizowanej przez Ma\u0142opolsk\u0105 WK OHP. [espro-slider id=1290] Uroczysto\u015bci zwi\u0105zane z rozpocz\u0119ciem nowego roku szkoleniowego oraz V Rocznic\u0105 og\u0142oszenia \u015bw. Jana Paw\u0142a II Patronem OHP, odby\u0142y [&hellip;]<\/p>\n","protected":false},"author":1,"featured_media":0,"comment_status":"closed","ping_status":"closed","sticky":false,"template":"","format":"standard","meta":{"footnotes":""},"categories":[2],"tags":[],"class_list":["post-1287","post","type-post","status-publish","format-standard","hentry","category-aktualnosci"],"_links":{"self":[{"href":"https:\/\/ckiw-tarnow.ohp.pl\/index.php\/wp-json\/wp\/v2\/posts\/1287","targetHints":{"allow":["GET"]}}],"collection":[{"href":"https:\/\/ckiw-tarnow.ohp.pl\/index.php\/wp-json\/wp\/v2\/posts"}],"about":[{"href":"https:\/\/ckiw-tarnow.ohp.pl\/index.php\/wp-json\/wp\/v2\/types\/post"}],"author":[{"embeddable":true,"href":"https:\/\/ckiw-tarnow.ohp.pl\/index.php\/wp-json\/wp\/v2\/users\/1"}],"replies":[{"embeddable":true,"href":"https:\/\/ckiw-tarnow.ohp.pl\/index.php\/wp-json\/wp\/v2\/comments?post=1287"}],"version-history":[{"count":3,"href":"https:\/\/ckiw-tarnow.ohp.pl\/index.php\/wp-json\/wp\/v2\/posts\/1287\/revisions"}],"predecessor-version":[{"id":1307,"href":"https:\/\/ckiw-tarnow.ohp.pl\/index.php\/wp-json\/wp\/v2\/posts\/1287\/revisions\/1307"}],"wp:attachment":[{"href":"https:\/\/ckiw-tarnow.ohp.pl\/index.php\/wp-json\/wp\/v2\/media?parent=1287"}],"wp:term":[{"taxonomy":"category","embeddable":true,"href":"https:\/\/ckiw-tarnow.ohp.pl\/index.php\/wp-json\/wp\/v2\/categories?post=1287"},{"taxonomy":"post_tag","embeddable":true,"href":"https:\/\/ckiw-tarnow.ohp.pl\/index.php\/wp-json\/wp\/v2\/tags?post=1287"}],"curies":[{"name":"wp","href":"https:\/\/api.w.org\/{rel}","templated":true}]}}