{"id":1308,"date":"2016-10-12T12:27:13","date_gmt":"2016-10-12T10:27:13","guid":{"rendered":"http:\/\/ckiw-tarnow.ohp.pl\/beta\/?p=1308"},"modified":"2016-10-12T12:29:50","modified_gmt":"2016-10-12T10:29:50","slug":"zacna-rzecza-jest-uczyc-sie-a-zacniejsza-nauczac","status":"publish","type":"post","link":"https:\/\/ckiw-tarnow.ohp.pl\/index.php\/2016\/10\/12\/zacna-rzecza-jest-uczyc-sie-a-zacniejsza-nauczac\/","title":{"rendered":"Zacn\u0105 rzecz\u0105 jest uczy\u0107 si\u0119, a zacniejsz\u0105 naucza\u0107"},"content":{"rendered":"<p>Dzie\u0144 Edukacji Narodowej &#8211; polskie \u015bwi\u0119to pa\u0144stwowe, \u015bwi\u0119to o\u015bwiaty i szkolnictwa wy\u017cszego. <strong>12 pa\u017adziernika br. w Centrum Kszta\u0142cenia i Wychowania OHP w Tarnowie<\/strong>, odby\u0142a si\u0119 akademia z okazji <strong>Dnia Edukacji Narodowej<\/strong> przygotowana przez m\u0142odzie\u017c z Zespo\u0142u Szk\u00f3\u0142 Niepublicznych i CKiW OHP w Tarnowie.<\/p>\n<p>[espro-slider id=1312]<\/p>\n<p>Dyrektor ZSN p. Bogus\u0142aw Pitu\u0142a przywita\u0142 wszystkich zgromadzonych, powiedzia\u0142 jak wa\u017cne jest wykszta\u0142cenie w \u017cyciu cz\u0142owieka oraz jaki trud wk\u0142ada\u0142y wcze\u015bniejsze pokolenia w to, aby zdoby\u0107 wykszta\u0142cenie i aby by\u0142o ono dost\u0119pne dla wszystkich w przysz\u0142o\u015bci.<\/p>\n<p>M\u0142odzie\u017c oraz grono pedagogiczne, przygotowali inscenizacj\u0119 na weso\u0142o w formie skeczu. Wszystkim nauczycielom i pracownikom wr\u0119czono pami\u0105tkowe medale.<\/p>\n<p><strong>W spos\u00f3b szczeg\u00f3lny podzi\u0119kowano ks. Zbigniewowi Guzy, kt\u00f3ry po 6 latach zako\u0144czy\u0142 prac\u0119 w Zespole Szk\u00f3\u0142 Niepublicznych.<\/strong><\/p>\n","protected":false},"excerpt":{"rendered":"<p>Dzie\u0144 Edukacji Narodowej &#8211; polskie \u015bwi\u0119to pa\u0144stwowe, \u015bwi\u0119to o\u015bwiaty i szkolnictwa wy\u017cszego. 12 pa\u017adziernika br. w Centrum Kszta\u0142cenia i Wychowania OHP w Tarnowie, odby\u0142a si\u0119 akademia z okazji Dnia Edukacji Narodowej przygotowana przez m\u0142odzie\u017c z Zespo\u0142u Szk\u00f3\u0142 Niepublicznych i CKiW OHP w Tarnowie. [espro-slider id=1312] Dyrektor ZSN p. Bogus\u0142aw Pitu\u0142a przywita\u0142 wszystkich zgromadzonych, powiedzia\u0142 jak [&hellip;]<\/p>\n","protected":false},"author":1,"featured_media":0,"comment_status":"closed","ping_status":"closed","sticky":false,"template":"","format":"standard","meta":{"footnotes":""},"categories":[2],"tags":[],"class_list":["post-1308","post","type-post","status-publish","format-standard","hentry","category-aktualnosci"],"_links":{"self":[{"href":"https:\/\/ckiw-tarnow.ohp.pl\/index.php\/wp-json\/wp\/v2\/posts\/1308","targetHints":{"allow":["GET"]}}],"collection":[{"href":"https:\/\/ckiw-tarnow.ohp.pl\/index.php\/wp-json\/wp\/v2\/posts"}],"about":[{"href":"https:\/\/ckiw-tarnow.ohp.pl\/index.php\/wp-json\/wp\/v2\/types\/post"}],"author":[{"embeddable":true,"href":"https:\/\/ckiw-tarnow.ohp.pl\/index.php\/wp-json\/wp\/v2\/users\/1"}],"replies":[{"embeddable":true,"href":"https:\/\/ckiw-tarnow.ohp.pl\/index.php\/wp-json\/wp\/v2\/comments?post=1308"}],"version-history":[{"count":2,"href":"https:\/\/ckiw-tarnow.ohp.pl\/index.php\/wp-json\/wp\/v2\/posts\/1308\/revisions"}],"predecessor-version":[{"id":1321,"href":"https:\/\/ckiw-tarnow.ohp.pl\/index.php\/wp-json\/wp\/v2\/posts\/1308\/revisions\/1321"}],"wp:attachment":[{"href":"https:\/\/ckiw-tarnow.ohp.pl\/index.php\/wp-json\/wp\/v2\/media?parent=1308"}],"wp:term":[{"taxonomy":"category","embeddable":true,"href":"https:\/\/ckiw-tarnow.ohp.pl\/index.php\/wp-json\/wp\/v2\/categories?post=1308"},{"taxonomy":"post_tag","embeddable":true,"href":"https:\/\/ckiw-tarnow.ohp.pl\/index.php\/wp-json\/wp\/v2\/tags?post=1308"}],"curies":[{"name":"wp","href":"https:\/\/api.w.org\/{rel}","templated":true}]}}