{"id":13544,"date":"2023-05-09T14:36:20","date_gmt":"2023-05-09T12:36:20","guid":{"rendered":"https:\/\/ckiw-tarnow.ohp.pl\/?p=13544"},"modified":"2023-05-10T11:07:57","modified_gmt":"2023-05-10T09:07:57","slug":"projekt-aktywni-gora-badanie-psychologiczne","status":"publish","type":"post","link":"https:\/\/ckiw-tarnow.ohp.pl\/index.php\/2023\/05\/09\/projekt-aktywni-gora-badanie-psychologiczne\/","title":{"rendered":"Projekt &#8222;Aktywni G\u00f3r\u0105!&#8221; &#8211; diagnoza kompetencji spo\u0142ecznych dla uczestnik\u00f3w."},"content":{"rendered":"\n<figure class=\"wp-block-image size-full\"><img loading=\"lazy\" decoding=\"async\" width=\"605\" height=\"78\" src=\"https:\/\/ckiw-tarnow.ohp.pl\/wp-content\/uploads\/2023\/05\/logo-europejskie_kolorowe.jpg\" alt=\"\" class=\"wp-image-13545\" srcset=\"https:\/\/ckiw-tarnow.ohp.pl\/wp-content\/uploads\/2023\/05\/logo-europejskie_kolorowe.jpg 605w, https:\/\/ckiw-tarnow.ohp.pl\/wp-content\/uploads\/2023\/05\/logo-europejskie_kolorowe-300x39.jpg 300w\" sizes=\"auto, (max-width: 605px) 100vw, 605px\" \/><\/figure>\n\n\n\n<p>\u201eAktywni G\u00f3r\u0105!\u201d czyli projekt wsp\u00f3\u0142finansowany ze \u015brodk\u00f3w Unii Europejskiej w ramach europejskiego Funduszu Spo\u0142ecznego w CKiW OHP w Tarnowie posuwa si\u0119 coraz bardziej do przodu. W ramach &nbsp;tego projektu przeprowadzamy z uczestnikami pe\u0142en program wsparcia w celu uzyskania jak najbardziej optymalnych efekt\u00f3w osobistego i zawodowego rozwoju, w zwi\u0105zku z powy\u017cszym &nbsp;w dniu 26 kwietnia, 20&nbsp; uczestnik\u00f3w wzi\u0119\u0142o udzia\u0142 w diagnozie kompetencji spo\u0142ecznych przeprowadzonej przez pani\u0105 psycholog w ramach zadania 1 \u2013 indywidualizacja wsparcia, kt\u00f3re to ma na celu lepsze dobranie narz\u0119dzi szkoleniowych, kt\u00f3re zostan\u0105 wykorzystane w dalszej cz\u0119\u015bci projektu. Zaj\u0119cia zosta\u0142y przeprowadzone w dw\u00f3ch grupach po 10 os\u00f3b.<\/p>\n\n\n\n<p>Celem g\u0142\u00f3wnym projektu jest udzielenie wsparcia dla 1500 os\u00f3b w wieku 15-20 lat, prowadz\u0105cego do nabycia kwalifikacji lub kompetencji wa\u017cnych na rynku pracy w trakcie trwania projektu, tj. od 01.10.2022 r. do 30.09.2023r.<\/p>\n\n\n\n<p>W trakcie projektu m\u0142odzie\u017c nab\u0119dzie kwalifikacje i kompetencje wa\u017cne na rynku pracy, zainspiruje si\u0119 do rozwijania umiej\u0119tno\u015bci i podejmowania nowych wyzwa\u0144 edukacyjnych i zawodowych bo <strong>Aktywni g\u00f3r\u0105!<\/strong><\/p>\n\n\n\n<p><strong>Projekt \u201eAktywni G\u00f3r\u0105!\u201d wsp\u00f3\u0142finansowany jest ze \u015brodk\u00f3w Unii Europejskiej w ramach Europejskiego Funduszu Spo\u0142ecznego.<\/strong><\/p>\n\n\n\n<p>Ilo\u015b\u0107 uczestnik\u00f3w: 20 os\u00f3b<br>Miejsce realizacji projektu: CKiW OHP w Tarnowie. Ul. Mo\u015bcickiego 27, 33-100 Tarn\u00f3w<br>Koordynator projektu: \u00a0 Piotr Goc<br>email: <a href=\"mailto:p.goc@ckiw-tarnow.ohp.pl\">p.goc@ckiw-tarnow.ohp.pl<\/a>          <\/p>\n\n\n\n<p>Tel: 14\u00a0621 72 35 w 123<\/p>\n\n\n\n<p>Warto\u015b\u0107 projektu: 13&nbsp;484&nbsp;760,56 PLN<\/p>\n\n\n\n<figure class=\"wp-block-gallery has-nested-images columns-default is-cropped wp-block-gallery-1 is-layout-flex wp-block-gallery-is-layout-flex\">\n<figure class=\"wp-block-image size-large\"><a href=\"https:\/\/ckiw-tarnow.ohp.pl\/wp-content\/uploads\/2023\/05\/PSYCHOLOG-1.jpg\" target=\"_blank\" rel=\"noopener\"><img loading=\"lazy\" decoding=\"async\" width=\"1024\" height=\"459\" data-id=\"13547\" src=\"https:\/\/ckiw-tarnow.ohp.pl\/wp-content\/uploads\/2023\/05\/PSYCHOLOG-1.jpg\" alt=\"\" class=\"wp-image-13547\" srcset=\"https:\/\/ckiw-tarnow.ohp.pl\/wp-content\/uploads\/2023\/05\/PSYCHOLOG-1.jpg 1024w, https:\/\/ckiw-tarnow.ohp.pl\/wp-content\/uploads\/2023\/05\/PSYCHOLOG-1-300x134.jpg 300w, https:\/\/ckiw-tarnow.ohp.pl\/wp-content\/uploads\/2023\/05\/PSYCHOLOG-1-768x344.jpg 768w\" sizes=\"auto, (max-width: 1024px) 100vw, 1024px\" \/><\/a><\/figure>\n\n\n\n<figure class=\"wp-block-image size-large\"><a href=\"https:\/\/ckiw-tarnow.ohp.pl\/wp-content\/uploads\/2023\/05\/PSYCHOLOG-2.jpg\" target=\"_blank\" rel=\"noopener\"><img loading=\"lazy\" decoding=\"async\" width=\"1024\" height=\"459\" data-id=\"13549\" src=\"https:\/\/ckiw-tarnow.ohp.pl\/wp-content\/uploads\/2023\/05\/PSYCHOLOG-2.jpg\" alt=\"\" class=\"wp-image-13549\" srcset=\"https:\/\/ckiw-tarnow.ohp.pl\/wp-content\/uploads\/2023\/05\/PSYCHOLOG-2.jpg 1024w, https:\/\/ckiw-tarnow.ohp.pl\/wp-content\/uploads\/2023\/05\/PSYCHOLOG-2-300x134.jpg 300w, https:\/\/ckiw-tarnow.ohp.pl\/wp-content\/uploads\/2023\/05\/PSYCHOLOG-2-768x344.jpg 768w\" sizes=\"auto, (max-width: 1024px) 100vw, 1024px\" \/><\/a><\/figure>\n\n\n\n<figure class=\"wp-block-image size-large\"><a href=\"https:\/\/ckiw-tarnow.ohp.pl\/wp-content\/uploads\/2023\/05\/PSYCHOLOG-3.jpg\" target=\"_blank\" rel=\"noopener\"><img loading=\"lazy\" decoding=\"async\" width=\"1024\" height=\"459\" data-id=\"13548\" src=\"https:\/\/ckiw-tarnow.ohp.pl\/wp-content\/uploads\/2023\/05\/PSYCHOLOG-3.jpg\" alt=\"\" class=\"wp-image-13548\" srcset=\"https:\/\/ckiw-tarnow.ohp.pl\/wp-content\/uploads\/2023\/05\/PSYCHOLOG-3.jpg 1024w, https:\/\/ckiw-tarnow.ohp.pl\/wp-content\/uploads\/2023\/05\/PSYCHOLOG-3-300x134.jpg 300w, https:\/\/ckiw-tarnow.ohp.pl\/wp-content\/uploads\/2023\/05\/PSYCHOLOG-3-768x344.jpg 768w\" sizes=\"auto, (max-width: 1024px) 100vw, 1024px\" \/><\/a><\/figure>\n\n\n\n<figure class=\"wp-block-image size-large\"><a href=\"https:\/\/ckiw-tarnow.ohp.pl\/wp-content\/uploads\/2023\/05\/PSYCHOLOG-4.jpg\" target=\"_blank\" rel=\"noopener\"><img loading=\"lazy\" decoding=\"async\" width=\"1024\" height=\"459\" data-id=\"13550\" src=\"https:\/\/ckiw-tarnow.ohp.pl\/wp-content\/uploads\/2023\/05\/PSYCHOLOG-4.jpg\" alt=\"\" class=\"wp-image-13550\" srcset=\"https:\/\/ckiw-tarnow.ohp.pl\/wp-content\/uploads\/2023\/05\/PSYCHOLOG-4.jpg 1024w, https:\/\/ckiw-tarnow.ohp.pl\/wp-content\/uploads\/2023\/05\/PSYCHOLOG-4-300x134.jpg 300w, https:\/\/ckiw-tarnow.ohp.pl\/wp-content\/uploads\/2023\/05\/PSYCHOLOG-4-768x344.jpg 768w\" sizes=\"auto, (max-width: 1024px) 100vw, 1024px\" \/><\/a><\/figure>\n<\/figure>\n\n\n\n<hr class=\"wp-block-separator has-alpha-channel-opacity\"\/>\n\n\n\n<figure class=\"wp-block-image size-large\"><img loading=\"lazy\" decoding=\"async\" width=\"1024\" height=\"394\" src=\"https:\/\/ckiw-tarnow.ohp.pl\/wp-content\/uploads\/2023\/05\/8.-KG-stara-strona-1420x547-\u2013-3-1024x394.png\" alt=\"\" class=\"wp-image-13546\" srcset=\"https:\/\/ckiw-tarnow.ohp.pl\/wp-content\/uploads\/2023\/05\/8.-KG-stara-strona-1420x547-\u2013-3-1024x394.png 1024w, https:\/\/ckiw-tarnow.ohp.pl\/wp-content\/uploads\/2023\/05\/8.-KG-stara-strona-1420x547-\u2013-3-300x116.png 300w, https:\/\/ckiw-tarnow.ohp.pl\/wp-content\/uploads\/2023\/05\/8.-KG-stara-strona-1420x547-\u2013-3-768x296.png 768w, https:\/\/ckiw-tarnow.ohp.pl\/wp-content\/uploads\/2023\/05\/8.-KG-stara-strona-1420x547-\u2013-3.png 1420w\" sizes=\"auto, (max-width: 1024px) 100vw, 1024px\" \/><\/figure>\n","protected":false},"excerpt":{"rendered":"<p>\u201eAktywni G\u00f3r\u0105!\u201d czyli projekt wsp\u00f3\u0142finansowany ze \u015brodk\u00f3w Unii Europejskiej w ramach europejskiego Funduszu Spo\u0142ecznego w CKiW OHP w Tarnowie posuwa si\u0119 coraz bardziej do przodu. W ramach &nbsp;tego projektu przeprowadzamy z uczestnikami pe\u0142en program wsparcia w celu uzyskania jak najbardziej optymalnych efekt\u00f3w osobistego i zawodowego rozwoju, w zwi\u0105zku z powy\u017cszym &nbsp;w dniu 26 kwietnia, 20&nbsp; [&hellip;]<\/p>\n","protected":false},"author":10,"featured_media":13555,"comment_status":"closed","ping_status":"closed","sticky":false,"template":"","format":"standard","meta":{"footnotes":""},"categories":[2,7],"tags":[],"class_list":["post-13544","post","type-post","status-publish","format-standard","has-post-thumbnail","hentry","category-aktualnosci","category-projekty_ue"],"_links":{"self":[{"href":"https:\/\/ckiw-tarnow.ohp.pl\/index.php\/wp-json\/wp\/v2\/posts\/13544","targetHints":{"allow":["GET"]}}],"collection":[{"href":"https:\/\/ckiw-tarnow.ohp.pl\/index.php\/wp-json\/wp\/v2\/posts"}],"about":[{"href":"https:\/\/ckiw-tarnow.ohp.pl\/index.php\/wp-json\/wp\/v2\/types\/post"}],"author":[{"embeddable":true,"href":"https:\/\/ckiw-tarnow.ohp.pl\/index.php\/wp-json\/wp\/v2\/users\/10"}],"replies":[{"embeddable":true,"href":"https:\/\/ckiw-tarnow.ohp.pl\/index.php\/wp-json\/wp\/v2\/comments?post=13544"}],"version-history":[{"count":6,"href":"https:\/\/ckiw-tarnow.ohp.pl\/index.php\/wp-json\/wp\/v2\/posts\/13544\/revisions"}],"predecessor-version":[{"id":13560,"href":"https:\/\/ckiw-tarnow.ohp.pl\/index.php\/wp-json\/wp\/v2\/posts\/13544\/revisions\/13560"}],"wp:featuredmedia":[{"embeddable":true,"href":"https:\/\/ckiw-tarnow.ohp.pl\/index.php\/wp-json\/wp\/v2\/media\/13555"}],"wp:attachment":[{"href":"https:\/\/ckiw-tarnow.ohp.pl\/index.php\/wp-json\/wp\/v2\/media?parent=13544"}],"wp:term":[{"taxonomy":"category","embeddable":true,"href":"https:\/\/ckiw-tarnow.ohp.pl\/index.php\/wp-json\/wp\/v2\/categories?post=13544"},{"taxonomy":"post_tag","embeddable":true,"href":"https:\/\/ckiw-tarnow.ohp.pl\/index.php\/wp-json\/wp\/v2\/tags?post=13544"}],"curies":[{"name":"wp","href":"https:\/\/api.w.org\/{rel}","templated":true}]}}