{"id":13887,"date":"2023-06-26T13:18:49","date_gmt":"2023-06-26T11:18:49","guid":{"rendered":"https:\/\/ckiw-tarnow.ohp.pl\/?p=13887"},"modified":"2023-06-27T07:59:32","modified_gmt":"2023-06-27T05:59:32","slug":"zakonczenie-roku-szkolnego","status":"publish","type":"post","link":"https:\/\/ckiw-tarnow.ohp.pl\/index.php\/2023\/06\/26\/zakonczenie-roku-szkolnego\/","title":{"rendered":"Zako\u0144czenie roku szkolnego"},"content":{"rendered":"\n<p>Cho\u0107 w pi\u0105tek 23.06 pogoda nieszczeg\u00f3lnie dopisa\u0142a to humory uczestnik\u00f3w dopisa\u0142y jak to zwykle bywa przy tego typu uroczysto\u015bciach na zako\u0144czenie roku. Po uroczystej mszy m\u0142odzie\u017c oraz grono pedagogiczne wraz z wychowawcami CKiW OHP w Tarnowie zebrali si\u0119 na sali lustrzanej aby obejrze\u0107 repertuar przygotowany przez nauczycieli Zespo\u0142u Szk\u00f3\u0142 na zako\u0144czenie roku. Po obejrzeniu prezentacji podsumowuj\u0105cej minione lata szkolne g\u0142os zabra\u0142a pani dyrektor Zespo\u0142u Szk\u00f3\u0142 Niepublicznych w Tarnowie Pani\u00a0 Anna Bieniasz, dzi\u0119kuj\u0105c za miniony rok szkolny oraz przekazuj\u0105c informacje na temat bezpiecze\u0144stwa w czasie wakacji. Przemawiali r\u00f3wnie\u017c ks. katecheta Piotr Pasek, dyrektor CKiW OHP w Tarnowie Pan Mariusz Haba oraz pan Adam Potempa, dyrektor Centrum Edukacji i Pracy M\u0142odzie\u017cy w Tarnowie oraz przedstawiciel organu prowadz\u0105cego jednej ze szk\u00f3\u0142. List od Pani Komendant Ochotniczych Hufc\u00f3w Pracy Ma\u0142gorzaty Zwiercan odczyta\u0142 wicedyrektor CKiW OHP W Tarnowie Pan Grzegorz Krupa. Nast\u0105pi\u0142o te\u017c wr\u0119czenie nagr\u00f3d dla najlepszych uczni\u00f3w.<\/p>\n\n\n\n<figure class=\"wp-block-gallery has-nested-images columns-default is-cropped wp-block-gallery-1 is-layout-flex wp-block-gallery-is-layout-flex\">\n<figure class=\"wp-block-image size-large\"><a href=\"https:\/\/ckiw-tarnow.ohp.pl\/wp-content\/uploads\/2023\/06\/zamonczenie-roku-1.jpeg\" target=\"_blank\" rel=\"noopener\"><img loading=\"lazy\" decoding=\"async\" width=\"576\" height=\"1024\" data-id=\"13890\" src=\"https:\/\/ckiw-tarnow.ohp.pl\/wp-content\/uploads\/2023\/06\/zamonczenie-roku-1.jpeg\" alt=\"\" class=\"wp-image-13890\" srcset=\"https:\/\/ckiw-tarnow.ohp.pl\/wp-content\/uploads\/2023\/06\/zamonczenie-roku-1.jpeg 576w, https:\/\/ckiw-tarnow.ohp.pl\/wp-content\/uploads\/2023\/06\/zamonczenie-roku-1-169x300.jpeg 169w\" sizes=\"auto, (max-width: 576px) 100vw, 576px\" \/><\/a><\/figure>\n\n\n\n<figure class=\"wp-block-image size-large\"><a href=\"https:\/\/ckiw-tarnow.ohp.pl\/wp-content\/uploads\/2023\/06\/zamonczenie-roku-1.jpg\" target=\"_blank\" rel=\"noopener\"><img loading=\"lazy\" decoding=\"async\" width=\"1024\" height=\"768\" data-id=\"13892\" src=\"https:\/\/ckiw-tarnow.ohp.pl\/wp-content\/uploads\/2023\/06\/zamonczenie-roku-1.jpg\" alt=\"\" class=\"wp-image-13892\" srcset=\"https:\/\/ckiw-tarnow.ohp.pl\/wp-content\/uploads\/2023\/06\/zamonczenie-roku-1.jpg 1024w, https:\/\/ckiw-tarnow.ohp.pl\/wp-content\/uploads\/2023\/06\/zamonczenie-roku-1-300x225.jpg 300w, https:\/\/ckiw-tarnow.ohp.pl\/wp-content\/uploads\/2023\/06\/zamonczenie-roku-1-768x576.jpg 768w\" sizes=\"auto, (max-width: 1024px) 100vw, 1024px\" \/><\/a><\/figure>\n\n\n\n<figure class=\"wp-block-image size-large\"><a href=\"https:\/\/ckiw-tarnow.ohp.pl\/wp-content\/uploads\/2023\/06\/zamonczenie-roku-2.jpeg\" target=\"_blank\" rel=\"noopener\"><img loading=\"lazy\" decoding=\"async\" width=\"1024\" height=\"576\" data-id=\"13888\" src=\"https:\/\/ckiw-tarnow.ohp.pl\/wp-content\/uploads\/2023\/06\/zamonczenie-roku-2.jpeg\" alt=\"\" class=\"wp-image-13888\" srcset=\"https:\/\/ckiw-tarnow.ohp.pl\/wp-content\/uploads\/2023\/06\/zamonczenie-roku-2.jpeg 1024w, https:\/\/ckiw-tarnow.ohp.pl\/wp-content\/uploads\/2023\/06\/zamonczenie-roku-2-300x169.jpeg 300w, https:\/\/ckiw-tarnow.ohp.pl\/wp-content\/uploads\/2023\/06\/zamonczenie-roku-2-768x432.jpeg 768w\" sizes=\"auto, (max-width: 1024px) 100vw, 1024px\" \/><\/a><\/figure>\n\n\n\n<figure class=\"wp-block-image size-large\"><a href=\"https:\/\/ckiw-tarnow.ohp.pl\/wp-content\/uploads\/2023\/06\/zamonczenie-roku-3.jpeg\" target=\"_blank\" rel=\"noopener\"><img loading=\"lazy\" decoding=\"async\" width=\"577\" height=\"1024\" data-id=\"13891\" src=\"https:\/\/ckiw-tarnow.ohp.pl\/wp-content\/uploads\/2023\/06\/zamonczenie-roku-3.jpeg\" alt=\"\" class=\"wp-image-13891\" srcset=\"https:\/\/ckiw-tarnow.ohp.pl\/wp-content\/uploads\/2023\/06\/zamonczenie-roku-3.jpeg 577w, https:\/\/ckiw-tarnow.ohp.pl\/wp-content\/uploads\/2023\/06\/zamonczenie-roku-3-169x300.jpeg 169w\" sizes=\"auto, (max-width: 577px) 100vw, 577px\" \/><\/a><\/figure>\n\n\n\n<figure class=\"wp-block-image size-large\"><a href=\"https:\/\/ckiw-tarnow.ohp.pl\/wp-content\/uploads\/2023\/06\/zamonczenie-roku-4.jpeg\" target=\"_blank\" rel=\"noopener\"><img loading=\"lazy\" decoding=\"async\" width=\"577\" height=\"1024\" data-id=\"13889\" src=\"https:\/\/ckiw-tarnow.ohp.pl\/wp-content\/uploads\/2023\/06\/zamonczenie-roku-4.jpeg\" alt=\"\" class=\"wp-image-13889\" srcset=\"https:\/\/ckiw-tarnow.ohp.pl\/wp-content\/uploads\/2023\/06\/zamonczenie-roku-4.jpeg 577w, https:\/\/ckiw-tarnow.ohp.pl\/wp-content\/uploads\/2023\/06\/zamonczenie-roku-4-169x300.jpeg 169w\" sizes=\"auto, (max-width: 577px) 100vw, 577px\" \/><\/a><\/figure>\n<\/figure>\n","protected":false},"excerpt":{"rendered":"<p>Cho\u0107 w pi\u0105tek 23.06 pogoda nieszczeg\u00f3lnie dopisa\u0142a to humory uczestnik\u00f3w dopisa\u0142y jak to zwykle bywa przy tego typu uroczysto\u015bciach na zako\u0144czenie roku. Po uroczystej mszy m\u0142odzie\u017c oraz grono pedagogiczne wraz z wychowawcami CKiW OHP w Tarnowie zebrali si\u0119 na sali lustrzanej aby obejrze\u0107 repertuar przygotowany przez nauczycieli Zespo\u0142u Szk\u00f3\u0142 na zako\u0144czenie roku. Po obejrzeniu prezentacji [&hellip;]<\/p>\n","protected":false},"author":10,"featured_media":13890,"comment_status":"closed","ping_status":"closed","sticky":false,"template":"","format":"standard","meta":{"footnotes":""},"categories":[2],"tags":[],"class_list":["post-13887","post","type-post","status-publish","format-standard","has-post-thumbnail","hentry","category-aktualnosci"],"_links":{"self":[{"href":"https:\/\/ckiw-tarnow.ohp.pl\/index.php\/wp-json\/wp\/v2\/posts\/13887","targetHints":{"allow":["GET"]}}],"collection":[{"href":"https:\/\/ckiw-tarnow.ohp.pl\/index.php\/wp-json\/wp\/v2\/posts"}],"about":[{"href":"https:\/\/ckiw-tarnow.ohp.pl\/index.php\/wp-json\/wp\/v2\/types\/post"}],"author":[{"embeddable":true,"href":"https:\/\/ckiw-tarnow.ohp.pl\/index.php\/wp-json\/wp\/v2\/users\/10"}],"replies":[{"embeddable":true,"href":"https:\/\/ckiw-tarnow.ohp.pl\/index.php\/wp-json\/wp\/v2\/comments?post=13887"}],"version-history":[{"count":4,"href":"https:\/\/ckiw-tarnow.ohp.pl\/index.php\/wp-json\/wp\/v2\/posts\/13887\/revisions"}],"predecessor-version":[{"id":13896,"href":"https:\/\/ckiw-tarnow.ohp.pl\/index.php\/wp-json\/wp\/v2\/posts\/13887\/revisions\/13896"}],"wp:featuredmedia":[{"embeddable":true,"href":"https:\/\/ckiw-tarnow.ohp.pl\/index.php\/wp-json\/wp\/v2\/media\/13890"}],"wp:attachment":[{"href":"https:\/\/ckiw-tarnow.ohp.pl\/index.php\/wp-json\/wp\/v2\/media?parent=13887"}],"wp:term":[{"taxonomy":"category","embeddable":true,"href":"https:\/\/ckiw-tarnow.ohp.pl\/index.php\/wp-json\/wp\/v2\/categories?post=13887"},{"taxonomy":"post_tag","embeddable":true,"href":"https:\/\/ckiw-tarnow.ohp.pl\/index.php\/wp-json\/wp\/v2\/tags?post=13887"}],"curies":[{"name":"wp","href":"https:\/\/api.w.org\/{rel}","templated":true}]}}