{"id":14720,"date":"2024-01-22T13:31:40","date_gmt":"2024-01-22T12:31:40","guid":{"rendered":"https:\/\/ckiw-tarnow.ohp.pl\/?p=14720"},"modified":"2024-01-22T13:31:41","modified_gmt":"2024-01-22T12:31:41","slug":"pokolenie-dla-pokolenia-dzien-babci-i-dziadka","status":"publish","type":"post","link":"https:\/\/ckiw-tarnow.ohp.pl\/index.php\/2024\/01\/22\/pokolenie-dla-pokolenia-dzien-babci-i-dziadka\/","title":{"rendered":"\u201ePokolenie dla pokolenia \u2013 Dzie\u0144 Babci i Dziadka\u201d"},"content":{"rendered":"\n<p>22.01.2024r. uczestnicy Centrum Kszta\u0142cenia i Wychowania Ochotniczych Hufc\u00f3w Pracy odwiedzili podopiecznych w Domu Emeryt\u00f3w &#8211; Plac\u00f3wka Piel\u0119gnacyjno-Opieku\u0144cza &#8211; Caritas Diecezji Tarnowskiej przy ul. Starod\u0105browskiej w Tarnowie. Podczas wizyty nasi uczestnicy z\u0142o\u017cyli seniorom \u017cyczenia oraz wr\u0119czyli w\u0142asnor\u0119cznie wykonane laurki. Odwiedzili te\u017c<br>w pokojach tych, kt\u00f3rym stan zdrowia nie pozwoli\u0142 na wsp\u00f3lne spotkanie w \u015bwietlicy. Wizyta w Domu Emeryt\u00f3w by\u0142a dla naszych uczestnik\u00f3w swoist\u0105 lekcj\u0105 \u017cycia, ucz\u0105c\u0105 empatii, tolerancji i otwarto\u015bci na potrzeby innych os\u00f3b, w tym r\u00f3wnie\u017c starszych i schorowanych.<\/p>\n\n\n\n<figure class=\"wp-block-image size-large\"><img loading=\"lazy\" decoding=\"async\" width=\"1024\" height=\"768\" src=\"https:\/\/ckiw-tarnow.ohp.pl\/wp-content\/uploads\/2024\/01\/1-1024x768.jpg\" alt=\"\" class=\"wp-image-14721\" srcset=\"https:\/\/ckiw-tarnow.ohp.pl\/wp-content\/uploads\/2024\/01\/1-1024x768.jpg 1024w, https:\/\/ckiw-tarnow.ohp.pl\/wp-content\/uploads\/2024\/01\/1-300x225.jpg 300w, https:\/\/ckiw-tarnow.ohp.pl\/wp-content\/uploads\/2024\/01\/1-768x576.jpg 768w, https:\/\/ckiw-tarnow.ohp.pl\/wp-content\/uploads\/2024\/01\/1.jpg 1236w\" sizes=\"auto, (max-width: 1024px) 100vw, 1024px\" \/><\/figure>\n\n\n\n<figure class=\"wp-block-image size-full\"><img loading=\"lazy\" decoding=\"async\" width=\"695\" height=\"927\" src=\"https:\/\/ckiw-tarnow.ohp.pl\/wp-content\/uploads\/2024\/01\/2.jpg\" alt=\"\" class=\"wp-image-14722\" srcset=\"https:\/\/ckiw-tarnow.ohp.pl\/wp-content\/uploads\/2024\/01\/2.jpg 695w, https:\/\/ckiw-tarnow.ohp.pl\/wp-content\/uploads\/2024\/01\/2-225x300.jpg 225w\" sizes=\"auto, (max-width: 695px) 100vw, 695px\" \/><\/figure>\n\n\n\n<figure class=\"wp-block-image size-full\"><img loading=\"lazy\" decoding=\"async\" width=\"695\" height=\"927\" src=\"https:\/\/ckiw-tarnow.ohp.pl\/wp-content\/uploads\/2024\/01\/3.jpg\" alt=\"\" class=\"wp-image-14723\" srcset=\"https:\/\/ckiw-tarnow.ohp.pl\/wp-content\/uploads\/2024\/01\/3.jpg 695w, https:\/\/ckiw-tarnow.ohp.pl\/wp-content\/uploads\/2024\/01\/3-225x300.jpg 225w\" sizes=\"auto, (max-width: 695px) 100vw, 695px\" \/><\/figure>\n\n\n\n<figure class=\"wp-block-image size-full\"><img loading=\"lazy\" decoding=\"async\" width=\"695\" height=\"927\" src=\"https:\/\/ckiw-tarnow.ohp.pl\/wp-content\/uploads\/2024\/01\/4.jpg\" alt=\"\" class=\"wp-image-14724\" srcset=\"https:\/\/ckiw-tarnow.ohp.pl\/wp-content\/uploads\/2024\/01\/4.jpg 695w, https:\/\/ckiw-tarnow.ohp.pl\/wp-content\/uploads\/2024\/01\/4-225x300.jpg 225w\" sizes=\"auto, (max-width: 695px) 100vw, 695px\" \/><\/figure>\n\n\n\n<figure class=\"wp-block-image size-full\"><img loading=\"lazy\" decoding=\"async\" width=\"695\" height=\"927\" src=\"https:\/\/ckiw-tarnow.ohp.pl\/wp-content\/uploads\/2024\/01\/5.jpg\" alt=\"\" class=\"wp-image-14725\" srcset=\"https:\/\/ckiw-tarnow.ohp.pl\/wp-content\/uploads\/2024\/01\/5.jpg 695w, https:\/\/ckiw-tarnow.ohp.pl\/wp-content\/uploads\/2024\/01\/5-225x300.jpg 225w\" sizes=\"auto, (max-width: 695px) 100vw, 695px\" \/><\/figure>\n","protected":false},"excerpt":{"rendered":"<p>22.01.2024r. uczestnicy Centrum Kszta\u0142cenia i Wychowania Ochotniczych Hufc\u00f3w Pracy odwiedzili podopiecznych w Domu Emeryt\u00f3w &#8211; Plac\u00f3wka Piel\u0119gnacyjno-Opieku\u0144cza &#8211; Caritas Diecezji Tarnowskiej przy ul. Starod\u0105browskiej w Tarnowie. Podczas wizyty nasi uczestnicy z\u0142o\u017cyli seniorom \u017cyczenia oraz wr\u0119czyli w\u0142asnor\u0119cznie wykonane laurki. Odwiedzili te\u017cw pokojach tych, kt\u00f3rym stan zdrowia nie pozwoli\u0142 na wsp\u00f3lne spotkanie w \u015bwietlicy. Wizyta w Domu [&hellip;]<\/p>\n","protected":false},"author":9,"featured_media":14721,"comment_status":"closed","ping_status":"closed","sticky":false,"template":"","format":"standard","meta":{"footnotes":""},"categories":[2],"tags":[],"class_list":["post-14720","post","type-post","status-publish","format-standard","has-post-thumbnail","hentry","category-aktualnosci"],"_links":{"self":[{"href":"https:\/\/ckiw-tarnow.ohp.pl\/index.php\/wp-json\/wp\/v2\/posts\/14720","targetHints":{"allow":["GET"]}}],"collection":[{"href":"https:\/\/ckiw-tarnow.ohp.pl\/index.php\/wp-json\/wp\/v2\/posts"}],"about":[{"href":"https:\/\/ckiw-tarnow.ohp.pl\/index.php\/wp-json\/wp\/v2\/types\/post"}],"author":[{"embeddable":true,"href":"https:\/\/ckiw-tarnow.ohp.pl\/index.php\/wp-json\/wp\/v2\/users\/9"}],"replies":[{"embeddable":true,"href":"https:\/\/ckiw-tarnow.ohp.pl\/index.php\/wp-json\/wp\/v2\/comments?post=14720"}],"version-history":[{"count":1,"href":"https:\/\/ckiw-tarnow.ohp.pl\/index.php\/wp-json\/wp\/v2\/posts\/14720\/revisions"}],"predecessor-version":[{"id":14726,"href":"https:\/\/ckiw-tarnow.ohp.pl\/index.php\/wp-json\/wp\/v2\/posts\/14720\/revisions\/14726"}],"wp:featuredmedia":[{"embeddable":true,"href":"https:\/\/ckiw-tarnow.ohp.pl\/index.php\/wp-json\/wp\/v2\/media\/14721"}],"wp:attachment":[{"href":"https:\/\/ckiw-tarnow.ohp.pl\/index.php\/wp-json\/wp\/v2\/media?parent=14720"}],"wp:term":[{"taxonomy":"category","embeddable":true,"href":"https:\/\/ckiw-tarnow.ohp.pl\/index.php\/wp-json\/wp\/v2\/categories?post=14720"},{"taxonomy":"post_tag","embeddable":true,"href":"https:\/\/ckiw-tarnow.ohp.pl\/index.php\/wp-json\/wp\/v2\/tags?post=14720"}],"curies":[{"name":"wp","href":"https:\/\/api.w.org\/{rel}","templated":true}]}}