{"id":1586,"date":"2016-10-31T08:12:02","date_gmt":"2016-10-31T07:12:02","guid":{"rendered":"http:\/\/ckiw-tarnow.ohp.pl\/beta\/?p=1586"},"modified":"2016-10-28T13:13:37","modified_gmt":"2016-10-28T11:13:37","slug":"spotkanie-z-dziennikarzem","status":"publish","type":"post","link":"https:\/\/ckiw-tarnow.ohp.pl\/index.php\/2016\/10\/31\/spotkanie-z-dziennikarzem\/","title":{"rendered":"Spotkanie z dziennikarzem"},"content":{"rendered":"<p>W ramach sekcji medialnej dzia\u0142aj\u0105cej przy CKiW OHP w Tarnowie odby\u0142o si\u0119 spotkanie z panem Tomaszem Wery\u0144skim &#8211; dziennikarzem\u00a0 telewizji IMAV. Pan Tomasz opowiada\u0142 nam o swojej pracy, jak powstaj\u0105 reporta\u017ce. M\u0142odzie\u017c s\u0142ucha\u0142a z zainteresowaniem i ju\u017c nie mo\u017ce doczeka\u0107 si\u0119 nast\u0119pnego spotkania.<\/p>\n<p><a href=\"https:\/\/ckiw-tarnow.ohp.pl\/wp-content\/uploads\/2016\/10\/20161017_170241.jpg\" rel=\"attachment wp-att-1588\"><img loading=\"lazy\" decoding=\"async\" class=\"aligncenter size-full wp-image-1588\" src=\"https:\/\/ckiw-tarnow.ohp.pl\/wp-content\/uploads\/2016\/10\/20161017_170241.jpg\" alt=\"20161017_170241\" width=\"4160\" height=\"2336\" \/><\/a> <a href=\"https:\/\/ckiw-tarnow.ohp.pl\/wp-content\/uploads\/2016\/10\/20161017_170259-1.jpg\" rel=\"attachment wp-att-1589\"><img loading=\"lazy\" decoding=\"async\" class=\"aligncenter size-full wp-image-1589\" src=\"https:\/\/ckiw-tarnow.ohp.pl\/wp-content\/uploads\/2016\/10\/20161017_170259-1.jpg\" alt=\"20161017_170259\" width=\"4160\" height=\"2336\" \/><\/a><\/p>\n","protected":false},"excerpt":{"rendered":"<p>W ramach sekcji medialnej dzia\u0142aj\u0105cej przy CKiW OHP w Tarnowie odby\u0142o si\u0119 spotkanie z panem Tomaszem Wery\u0144skim &#8211; dziennikarzem\u00a0 telewizji IMAV. Pan Tomasz opowiada\u0142 nam o swojej pracy, jak powstaj\u0105 reporta\u017ce. M\u0142odzie\u017c s\u0142ucha\u0142a z zainteresowaniem i ju\u017c nie mo\u017ce doczeka\u0107 si\u0119 nast\u0119pnego spotkania.<\/p>\n","protected":false},"author":1,"featured_media":0,"comment_status":"closed","ping_status":"closed","sticky":false,"template":"","format":"standard","meta":{"footnotes":""},"categories":[2],"tags":[],"class_list":["post-1586","post","type-post","status-publish","format-standard","hentry","category-aktualnosci"],"_links":{"self":[{"href":"https:\/\/ckiw-tarnow.ohp.pl\/index.php\/wp-json\/wp\/v2\/posts\/1586","targetHints":{"allow":["GET"]}}],"collection":[{"href":"https:\/\/ckiw-tarnow.ohp.pl\/index.php\/wp-json\/wp\/v2\/posts"}],"about":[{"href":"https:\/\/ckiw-tarnow.ohp.pl\/index.php\/wp-json\/wp\/v2\/types\/post"}],"author":[{"embeddable":true,"href":"https:\/\/ckiw-tarnow.ohp.pl\/index.php\/wp-json\/wp\/v2\/users\/1"}],"replies":[{"embeddable":true,"href":"https:\/\/ckiw-tarnow.ohp.pl\/index.php\/wp-json\/wp\/v2\/comments?post=1586"}],"version-history":[{"count":1,"href":"https:\/\/ckiw-tarnow.ohp.pl\/index.php\/wp-json\/wp\/v2\/posts\/1586\/revisions"}],"predecessor-version":[{"id":1590,"href":"https:\/\/ckiw-tarnow.ohp.pl\/index.php\/wp-json\/wp\/v2\/posts\/1586\/revisions\/1590"}],"wp:attachment":[{"href":"https:\/\/ckiw-tarnow.ohp.pl\/index.php\/wp-json\/wp\/v2\/media?parent=1586"}],"wp:term":[{"taxonomy":"category","embeddable":true,"href":"https:\/\/ckiw-tarnow.ohp.pl\/index.php\/wp-json\/wp\/v2\/categories?post=1586"},{"taxonomy":"post_tag","embeddable":true,"href":"https:\/\/ckiw-tarnow.ohp.pl\/index.php\/wp-json\/wp\/v2\/tags?post=1586"}],"curies":[{"name":"wp","href":"https:\/\/api.w.org\/{rel}","templated":true}]}}