{"id":16537,"date":"2025-05-21T08:30:08","date_gmt":"2025-05-21T06:30:08","guid":{"rendered":"https:\/\/ckiw-tarnow.ohp.pl\/?p=16537"},"modified":"2025-05-22T08:51:57","modified_gmt":"2025-05-22T06:51:57","slug":"wycieczka-do-beskidu-sadeckiego","status":"publish","type":"post","link":"https:\/\/ckiw-tarnow.ohp.pl\/index.php\/2025\/05\/21\/wycieczka-do-beskidu-sadeckiego\/","title":{"rendered":"Wycieczka do Beskidu S\u0105deckiego."},"content":{"rendered":"\n<p>W dniu 11 maja 2025 roku, w ramach kontynuacji programu kulturowego, go\u015bcie z Hiszpanii sp\u0119dzili kolejny aktywny i pe\u0142en atrakcji dzie\u0144, pe\u0142en kontaktu z natur\u0105 poznaj\u0105c uroki Beskidu S\u0105deckiego. <\/p>\n\n\n\n<p>Pierwszym punktem programu by\u0142a wizyta na farmie Lama w Tyliczu. Uczestnicy mieli okazj\u0119 zwiedzi\u0107 lokalne mini zoo, gdzie mogli z bliska zobaczy\u0107 i nakarmi\u0107 zwierz\u0119ta gospodarskie. Szczeg\u00f3ln\u0105 atrakcj\u0105 by\u0142a przeja\u017cd\u017cka bryczk\u0105 po malowniczej okolicy, kt\u00f3ra dostarczy\u0142a wielu pozytywnych emocji. Nast\u0119pnie odby\u0142o si\u0119 ognisko z pieczeniem kie\u0142basek \u2013 by\u0142 to czas na odpoczynek, integracj\u0119 i wsp\u00f3lne rozmowy.<\/p>\n\n\n\n<p>Po po\u0142udniu grupa uda\u0142a si\u0119 do Krynicy-Zdroju. Tam uczestnicy wjechali kolejk\u0105 linow\u0105 na G\u00f3r\u0119 Parkow\u0105, sk\u0105d mogli podziwia\u0107 pi\u0119kne widoki uzdrowiska i okolicznych g\u00f3r. Nast\u0119pnie spacerowali po krynickim deptaku i odwiedzili s\u0142ynn\u0105 pijalni\u0119 w\u00f3d mineralnych, gdzie spr\u00f3bowali r\u00f3\u017cnych rodzaj\u00f3w leczniczych w\u00f3d.<\/p>\n\n\n\n<p>Dzie\u0144 zako\u0144czy\u0142 si\u0119 uroczyst\u0105 kolacj\u0105 w klimatycznej Ober\u017cy pod Grzybem w Piotrkowicach, gdzie podano tradycyjny placek po w\u0119giersku \u2013 danie, kt\u00f3re cieszy\u0142o si\u0119 du\u017cym uznaniem w\u015br\u00f3d go\u015bci.<\/p>\n\n\n\n<p>By\u0142 to dzie\u0144 pe\u0142en wra\u017ce\u0144, kontaktu z natur\u0105 i lokaln\u0105 kultur\u0105, kt\u00f3ry na d\u0142ugo pozostanie w pami\u0119ci uczestnik\u00f3w.<\/p>\n\n\n\n<figure class=\"wp-block-image size-large\"><img loading=\"lazy\" decoding=\"async\" width=\"768\" height=\"1024\" src=\"https:\/\/ckiw-tarnow.ohp.pl\/wp-content\/uploads\/2025\/05\/IMG_4567-768x1024.jpeg\" alt=\"\" class=\"wp-image-16538\" srcset=\"https:\/\/ckiw-tarnow.ohp.pl\/wp-content\/uploads\/2025\/05\/IMG_4567-768x1024.jpeg 768w, https:\/\/ckiw-tarnow.ohp.pl\/wp-content\/uploads\/2025\/05\/IMG_4567-225x300.jpeg 225w, https:\/\/ckiw-tarnow.ohp.pl\/wp-content\/uploads\/2025\/05\/IMG_4567-1152x1536.jpeg 1152w, https:\/\/ckiw-tarnow.ohp.pl\/wp-content\/uploads\/2025\/05\/IMG_4567-1536x2048.jpeg 1536w, https:\/\/ckiw-tarnow.ohp.pl\/wp-content\/uploads\/2025\/05\/IMG_4567-scaled.jpeg 1920w\" sizes=\"auto, (max-width: 768px) 100vw, 768px\" \/><\/figure>\n\n\n\n<figure class=\"wp-block-image size-large\"><img loading=\"lazy\" decoding=\"async\" width=\"768\" height=\"1024\" src=\"https:\/\/ckiw-tarnow.ohp.pl\/wp-content\/uploads\/2025\/05\/IMG_4680-768x1024.jpeg\" alt=\"\" class=\"wp-image-16539\" srcset=\"https:\/\/ckiw-tarnow.ohp.pl\/wp-content\/uploads\/2025\/05\/IMG_4680-768x1024.jpeg 768w, https:\/\/ckiw-tarnow.ohp.pl\/wp-content\/uploads\/2025\/05\/IMG_4680-225x300.jpeg 225w, https:\/\/ckiw-tarnow.ohp.pl\/wp-content\/uploads\/2025\/05\/IMG_4680-1152x1536.jpeg 1152w, https:\/\/ckiw-tarnow.ohp.pl\/wp-content\/uploads\/2025\/05\/IMG_4680-1536x2048.jpeg 1536w, https:\/\/ckiw-tarnow.ohp.pl\/wp-content\/uploads\/2025\/05\/IMG_4680-scaled.jpeg 1920w\" sizes=\"auto, (max-width: 768px) 100vw, 768px\" \/><\/figure>\n\n\n\n<figure class=\"wp-block-image size-large\"><img loading=\"lazy\" decoding=\"async\" width=\"1024\" height=\"768\" src=\"https:\/\/ckiw-tarnow.ohp.pl\/wp-content\/uploads\/2025\/05\/IMG_4717-1024x768.jpeg\" alt=\"\" class=\"wp-image-16540\" srcset=\"https:\/\/ckiw-tarnow.ohp.pl\/wp-content\/uploads\/2025\/05\/IMG_4717-1024x768.jpeg 1024w, https:\/\/ckiw-tarnow.ohp.pl\/wp-content\/uploads\/2025\/05\/IMG_4717-300x225.jpeg 300w, https:\/\/ckiw-tarnow.ohp.pl\/wp-content\/uploads\/2025\/05\/IMG_4717-768x576.jpeg 768w, https:\/\/ckiw-tarnow.ohp.pl\/wp-content\/uploads\/2025\/05\/IMG_4717-1536x1152.jpeg 1536w, https:\/\/ckiw-tarnow.ohp.pl\/wp-content\/uploads\/2025\/05\/IMG_4717-2048x1536.jpeg 2048w\" sizes=\"auto, (max-width: 1024px) 100vw, 1024px\" \/><\/figure>\n\n\n\n<figure class=\"wp-block-image size-full\"><img loading=\"lazy\" decoding=\"async\" width=\"475\" height=\"157\" src=\"https:\/\/ckiw-tarnow.ohp.pl\/wp-content\/uploads\/2025\/05\/LOGO-Erasmus.jpg\" alt=\"\" class=\"wp-image-16555\" srcset=\"https:\/\/ckiw-tarnow.ohp.pl\/wp-content\/uploads\/2025\/05\/LOGO-Erasmus.jpg 475w, https:\/\/ckiw-tarnow.ohp.pl\/wp-content\/uploads\/2025\/05\/LOGO-Erasmus-300x99.jpg 300w\" sizes=\"auto, (max-width: 475px) 100vw, 475px\" \/><\/figure>\n","protected":false},"excerpt":{"rendered":"<p>W dniu 11 maja 2025 roku, w ramach kontynuacji programu kulturowego, go\u015bcie z Hiszpanii sp\u0119dzili kolejny aktywny i pe\u0142en atrakcji dzie\u0144, pe\u0142en kontaktu z natur\u0105 poznaj\u0105c uroki Beskidu S\u0105deckiego. Pierwszym punktem programu by\u0142a wizyta na farmie Lama w Tyliczu. Uczestnicy mieli okazj\u0119 zwiedzi\u0107 lokalne mini zoo, gdzie mogli z bliska zobaczy\u0107 i nakarmi\u0107 zwierz\u0119ta gospodarskie. [&hellip;]<\/p>\n","protected":false},"author":9,"featured_media":16541,"comment_status":"closed","ping_status":"closed","sticky":false,"template":"","format":"standard","meta":{"footnotes":""},"categories":[2,7,8,17],"tags":[],"class_list":["post-16537","post","type-post","status-publish","format-standard","has-post-thumbnail","hentry","category-aktualnosci","category-projekty_ue","category-w_realizacji","category-wspolpraca-miedzynarodowa"],"_links":{"self":[{"href":"https:\/\/ckiw-tarnow.ohp.pl\/index.php\/wp-json\/wp\/v2\/posts\/16537","targetHints":{"allow":["GET"]}}],"collection":[{"href":"https:\/\/ckiw-tarnow.ohp.pl\/index.php\/wp-json\/wp\/v2\/posts"}],"about":[{"href":"https:\/\/ckiw-tarnow.ohp.pl\/index.php\/wp-json\/wp\/v2\/types\/post"}],"author":[{"embeddable":true,"href":"https:\/\/ckiw-tarnow.ohp.pl\/index.php\/wp-json\/wp\/v2\/users\/9"}],"replies":[{"embeddable":true,"href":"https:\/\/ckiw-tarnow.ohp.pl\/index.php\/wp-json\/wp\/v2\/comments?post=16537"}],"version-history":[{"count":2,"href":"https:\/\/ckiw-tarnow.ohp.pl\/index.php\/wp-json\/wp\/v2\/posts\/16537\/revisions"}],"predecessor-version":[{"id":16557,"href":"https:\/\/ckiw-tarnow.ohp.pl\/index.php\/wp-json\/wp\/v2\/posts\/16537\/revisions\/16557"}],"wp:featuredmedia":[{"embeddable":true,"href":"https:\/\/ckiw-tarnow.ohp.pl\/index.php\/wp-json\/wp\/v2\/media\/16541"}],"wp:attachment":[{"href":"https:\/\/ckiw-tarnow.ohp.pl\/index.php\/wp-json\/wp\/v2\/media?parent=16537"}],"wp:term":[{"taxonomy":"category","embeddable":true,"href":"https:\/\/ckiw-tarnow.ohp.pl\/index.php\/wp-json\/wp\/v2\/categories?post=16537"},{"taxonomy":"post_tag","embeddable":true,"href":"https:\/\/ckiw-tarnow.ohp.pl\/index.php\/wp-json\/wp\/v2\/tags?post=16537"}],"curies":[{"name":"wp","href":"https:\/\/api.w.org\/{rel}","templated":true}]}}