{"id":17048,"date":"2025-09-04T12:36:17","date_gmt":"2025-09-04T10:36:17","guid":{"rendered":"https:\/\/ckiw-tarnow.ohp.pl\/?p=17048"},"modified":"2025-09-11T10:03:46","modified_gmt":"2025-09-11T08:03:46","slug":"granada-nowe-kompetencje-dla-przyszlosci-zawodowej","status":"publish","type":"post","link":"https:\/\/ckiw-tarnow.ohp.pl\/index.php\/2025\/09\/04\/granada-nowe-kompetencje-dla-przyszlosci-zawodowej\/","title":{"rendered":"\u201eGRANADA \u2013 NOWE KOMPETENCJE DLA PRZYSZ\u0141O\u015aCI ZAWODOWEJ\u201d"},"content":{"rendered":"\n<p>Z przyjemno\u015bci\u0105 informujemy, \u017ce Centrum Kszta\u0142cenia i Wychowania OHP w Tarnowie realizuje kolejny projekt w ramach programu <strong>Erasmus+ Kszta\u0142cenie i szkolenie zawodowe, Akcja 1 \u2013 Mobilno\u015b\u0107 edukacyjna<\/strong>.<\/p>\n\n\n\n<p><strong>\u201eGRANADA \u2013 NOWE KOMPETENCJE DLA PRZYSZ\u0141O\u015aCI ZAWODOWEJ\u201d<\/strong><\/p>\n\n\n\n<p>nr 2025-1-PL01-KA121-VET-000324488<\/p>\n\n\n\n<p>Projekt ten stanowi wyj\u0105tkow\u0105 okazj\u0119 do podnoszenia kwalifikacji i zdobywania do\u015bwiadcze\u0144 zar\u00f3wno przez m\u0142odzie\u017c, jak i kadr\u0119 odpowiedzialn\u0105 za kszta\u0142cenie zawodowe w CKiW OHP w Tarnowie.<\/p>\n\n\n\n<p><strong>Cele projektu<\/strong><\/p>\n\n\n\n<p>Celem dzia\u0142a\u0144 jest rozwijanie umiej\u0119tno\u015bci zawodowych, j\u0119zykowych i mi\u0119dzykulturowych uczestnik\u00f3w oraz wzmocnienie jako\u015bci kszta\u0142cenia zawodowego w naszej plac\u00f3wce.<\/p>\n\n\n\n<p>Projekt umo\u017cliwi:<\/p>\n\n\n\n<ul class=\"wp-block-list\">\n<li>uczniom zdobycie nowych <strong>kompetencji praktycznych<\/strong> poprzez udzia\u0142 w zagranicznych sta\u017cach,<\/li>\n\n\n\n<li>kadrze poznanie metod nauczania oraz organizacji pracy w hiszpa\u0144skich instytucjach w ramach <strong>job shadowingu (obserwacji pracy)<\/strong>.<\/li>\n<\/ul>\n\n\n\n<p><strong>Kto bierze udzia\u0142?<\/strong><\/p>\n\n\n\n<p>W mobilno\u015bci we\u017amie udzia\u0142 \u0142\u0105cznie <strong>20 os\u00f3b<\/strong>:<\/p>\n\n\n\n<ul class=\"wp-block-list\">\n<li><strong>12 uczni\u00f3w \u2013 uczestnik\u00f3w CKiW OHP w Tarnowie<\/strong>,<\/li>\n\n\n\n<li><strong>2 opiekun\u00f3w pedagogicznych<\/strong><\/li>\n\n\n\n<li><strong>8 przedstawicieli kadry odpowiedzialnej za kszta\u0142cenie zawodowe<\/strong>.<\/li>\n<\/ul>\n\n\n\n<p><strong>Gdzie i kiedy?<\/strong><\/p>\n\n\n\n<p>Mobilno\u015b\u0107 edukacyjna odb\u0119dzie si\u0119 w dniach <strong>1\u201315 lutego 2026 roku<\/strong><strong> w<\/strong> <strong>Granadzie (Hiszpania)<\/strong> \u2013 jednym z najpi\u0119kniejszych i najbardziej inspiruj\u0105cych miast Andaluzji.<\/p>\n\n\n\n<p><strong>Dlaczego warto?<\/strong><\/p>\n\n\n\n<p>Udzia\u0142 w projekcie to nie tylko szansa na zdobycie nowych kwalifikacji zawodowych, ale tak\u017ce mo\u017cliwo\u015b\u0107 poznania kultury, j\u0119zyka i stylu \u017cycia w innym kraju europejskim. Dla uczni\u00f3w to inwestycja w przysz\u0142o\u015b\u0107 zawodow\u0105, a dla kadry \u2013 okazja do wymiany dobrych praktyk i wprowadzania innowacyjnych rozwi\u0105za\u0144 w nauczaniu.<\/p>\n\n\n\n<p><strong>Koszty udzia\u0142u<\/strong><\/p>\n\n\n\n<p>Udzia\u0142 w projekcie jest <strong>CA\u0141KOWICIE BEZP\u0141ATNY !!!<\/strong> \u2013 wszelkie koszty zwi\u0105zane z podr\u00f3\u017c\u0105, zakwaterowaniem, wy\u017cywieniem i realizacj\u0105 dzia\u0142a\u0144 pokrywa program Erasmus+.<\/p>\n\n\n\n<p><strong>Kontakt<\/strong><\/p>\n\n\n\n<p>Wi\u0119cej informacji mo\u017cna uzyska\u0107 w biurze projektu:<br>\ud83d\udccd <strong>Pani Katarzyna Stempak<\/strong><br>\u260e tel. 14 621 72 35 wew. 123<br>\u2709 e-mail: k.stempak@ckiw-tarnow.ohp.pl<\/p>\n\n\n\n<p>Zapraszamy do \u015bledzenia relacji z naszych wyjazd\u00f3w na naszej stronie internetowej.<\/p>\n","protected":false},"excerpt":{"rendered":"<p>Z przyjemno\u015bci\u0105 informujemy, \u017ce Centrum Kszta\u0142cenia i Wychowania OHP w Tarnowie realizuje kolejny projekt w ramach programu Erasmus+ Kszta\u0142cenie i szkolenie zawodowe, Akcja 1 \u2013 Mobilno\u015b\u0107 edukacyjna. \u201eGRANADA \u2013 NOWE KOMPETENCJE DLA PRZYSZ\u0141O\u015aCI ZAWODOWEJ\u201d nr 2025-1-PL01-KA121-VET-000324488 Projekt ten stanowi wyj\u0105tkow\u0105 okazj\u0119 do podnoszenia kwalifikacji i zdobywania do\u015bwiadcze\u0144 zar\u00f3wno przez m\u0142odzie\u017c, jak i kadr\u0119 odpowiedzialn\u0105 za [&hellip;]<\/p>\n","protected":false},"author":9,"featured_media":17049,"comment_status":"closed","ping_status":"closed","sticky":false,"template":"","format":"standard","meta":{"footnotes":""},"categories":[2,7,8],"tags":[],"class_list":["post-17048","post","type-post","status-publish","format-standard","has-post-thumbnail","hentry","category-aktualnosci","category-projekty_ue","category-w_realizacji"],"_links":{"self":[{"href":"https:\/\/ckiw-tarnow.ohp.pl\/index.php\/wp-json\/wp\/v2\/posts\/17048","targetHints":{"allow":["GET"]}}],"collection":[{"href":"https:\/\/ckiw-tarnow.ohp.pl\/index.php\/wp-json\/wp\/v2\/posts"}],"about":[{"href":"https:\/\/ckiw-tarnow.ohp.pl\/index.php\/wp-json\/wp\/v2\/types\/post"}],"author":[{"embeddable":true,"href":"https:\/\/ckiw-tarnow.ohp.pl\/index.php\/wp-json\/wp\/v2\/users\/9"}],"replies":[{"embeddable":true,"href":"https:\/\/ckiw-tarnow.ohp.pl\/index.php\/wp-json\/wp\/v2\/comments?post=17048"}],"version-history":[{"count":2,"href":"https:\/\/ckiw-tarnow.ohp.pl\/index.php\/wp-json\/wp\/v2\/posts\/17048\/revisions"}],"predecessor-version":[{"id":17052,"href":"https:\/\/ckiw-tarnow.ohp.pl\/index.php\/wp-json\/wp\/v2\/posts\/17048\/revisions\/17052"}],"wp:featuredmedia":[{"embeddable":true,"href":"https:\/\/ckiw-tarnow.ohp.pl\/index.php\/wp-json\/wp\/v2\/media\/17049"}],"wp:attachment":[{"href":"https:\/\/ckiw-tarnow.ohp.pl\/index.php\/wp-json\/wp\/v2\/media?parent=17048"}],"wp:term":[{"taxonomy":"category","embeddable":true,"href":"https:\/\/ckiw-tarnow.ohp.pl\/index.php\/wp-json\/wp\/v2\/categories?post=17048"},{"taxonomy":"post_tag","embeddable":true,"href":"https:\/\/ckiw-tarnow.ohp.pl\/index.php\/wp-json\/wp\/v2\/tags?post=17048"}],"curies":[{"name":"wp","href":"https:\/\/api.w.org\/{rel}","templated":true}]}}