{"id":1712,"date":"2016-11-15T08:55:54","date_gmt":"2016-11-15T07:55:54","guid":{"rendered":"http:\/\/ckiw-tarnow.ohp.pl\/beta\/?p=1712"},"modified":"2016-11-15T08:55:54","modified_gmt":"2016-11-15T07:55:54","slug":"mlodziez-pamieta-patriotycznie-swietowanie","status":"publish","type":"post","link":"https:\/\/ckiw-tarnow.ohp.pl\/index.php\/2016\/11\/15\/mlodziez-pamieta-patriotycznie-swietowanie\/","title":{"rendered":"M\u0142odzie\u017c  pami\u0119ta &#8211; patriotycznie \u015bwi\u0119towanie"},"content":{"rendered":"<p>\u015awi\u0119to Odzyskania Niepodleg\u0142o\u015bci jest najwa\u017cniejszym \u015bwi\u0119tem pa\u0144stwowym. Przypomina narodowi o jego to\u017csamo\u015bci, historii i o trudnej drodze Polak\u00f3w do wolno\u015bci. Dla Tarnowian jest to szczeg\u00f3lna data, gdy\u017c to w\u0142a\u015bnie Tarn\u00f3w by\u0142 pierwszym niepodleg\u0142ym polskim miastem w 1918 roku.<\/p>\n<p>11 listopada 2016 przedstawiciele Rady M\u0142odzie\u017cy CKiW OHP w Tarnowie\u00a0 pod opiek\u0105 wychowawcy Joanny Poradzisz udali si\u0119 na cmentarz wojskowy z I wojny \u015bwiatowej zapali\u0107 znicze na grobach \u017co\u0142nierzy poleg\u0142ych w walce o niepodleg\u0142o\u015b\u0107 kraju. Po po\u0142udniu reprezentacja m\u0142odzie\u017cy tarnowskiego Centrum uczestniczy\u0142a w miejskich obchodach<br \/>\n98 rocznicy Odzyskania Niepodleg\u0142o\u015bci przez Polsk\u0119. Uroczysto\u015bci rozpocz\u0119\u0142y si\u0119 msz\u0105 \u015bwi\u0119t\u0105 w intencji Ojczyzny, odprawion\u0105 w Katedrze, nast\u0119pnie uczestnicy przeszli przed Gr\u00f3b Nieznanego \u017bo\u0142nierza, gdzie nast\u0105pi\u0142o z\u0142o\u017cenie \u201e\u015awiate\u0142 Pami\u0119ci\u201d. Obchody zako\u0144czy\u0142y si\u0119 wsp\u00f3lnym \u015bpiewaniem pie\u015bni niepodleg\u0142o\u015bciowych, \u017co\u0142nierskich i patriotycznych przed tarnowskim teatrem.<\/p>\n<p>Udzia\u0142 m\u0142odzie\u017cy w obchodach \u015bwi\u0105t pa\u0144stwowych to wa\u017cny element wychowania obywatelskiego i sposobno\u015b\u0107 rozwijania postaw patriotycznych, a tak\u017ce kszta\u0142towanie wi\u0119zi<br \/>\nz ojczystym krajem i regionem.<\/p>\n<p>[espro-slider id=1715]<\/p>\n<p>Patriotyczne obchody s\u0105 nie tylko \u017cyw\u0105 lekcj\u0105 historii, ale tak\u017ce szko\u0142\u0105 m\u0105dro\u015bci ucz\u0105c\u0105, \u017ce B\u00f3g &#8211; Honor &#8211; Ojczyna, to warto\u015bci, za kt\u00f3re niekiedy p\u0142aci si\u0119 nawet najwy\u017csz\u0105 cen\u0119. M\u0142odzie\u017c tarnowskiego Centrum udzia\u0142 w uroczysto\u015bciach patriotycznych traktuje z nale\u017cyt\u0105 powag\u0105, godnie reprezentuj\u0105c plac\u00f3wk\u0119.<\/p>\n","protected":false},"excerpt":{"rendered":"<p>\u015awi\u0119to Odzyskania Niepodleg\u0142o\u015bci jest najwa\u017cniejszym \u015bwi\u0119tem pa\u0144stwowym. Przypomina narodowi o jego to\u017csamo\u015bci, historii i o trudnej drodze Polak\u00f3w do wolno\u015bci. Dla Tarnowian jest to szczeg\u00f3lna data, gdy\u017c to w\u0142a\u015bnie Tarn\u00f3w by\u0142 pierwszym niepodleg\u0142ym polskim miastem w 1918 roku. 11 listopada 2016 przedstawiciele Rady M\u0142odzie\u017cy CKiW OHP w Tarnowie\u00a0 pod opiek\u0105 wychowawcy Joanny Poradzisz udali si\u0119 [&hellip;]<\/p>\n","protected":false},"author":1,"featured_media":0,"comment_status":"closed","ping_status":"closed","sticky":false,"template":"","format":"standard","meta":{"footnotes":""},"categories":[2],"tags":[],"class_list":["post-1712","post","type-post","status-publish","format-standard","hentry","category-aktualnosci"],"_links":{"self":[{"href":"https:\/\/ckiw-tarnow.ohp.pl\/index.php\/wp-json\/wp\/v2\/posts\/1712","targetHints":{"allow":["GET"]}}],"collection":[{"href":"https:\/\/ckiw-tarnow.ohp.pl\/index.php\/wp-json\/wp\/v2\/posts"}],"about":[{"href":"https:\/\/ckiw-tarnow.ohp.pl\/index.php\/wp-json\/wp\/v2\/types\/post"}],"author":[{"embeddable":true,"href":"https:\/\/ckiw-tarnow.ohp.pl\/index.php\/wp-json\/wp\/v2\/users\/1"}],"replies":[{"embeddable":true,"href":"https:\/\/ckiw-tarnow.ohp.pl\/index.php\/wp-json\/wp\/v2\/comments?post=1712"}],"version-history":[{"count":2,"href":"https:\/\/ckiw-tarnow.ohp.pl\/index.php\/wp-json\/wp\/v2\/posts\/1712\/revisions"}],"predecessor-version":[{"id":1724,"href":"https:\/\/ckiw-tarnow.ohp.pl\/index.php\/wp-json\/wp\/v2\/posts\/1712\/revisions\/1724"}],"wp:attachment":[{"href":"https:\/\/ckiw-tarnow.ohp.pl\/index.php\/wp-json\/wp\/v2\/media?parent=1712"}],"wp:term":[{"taxonomy":"category","embeddable":true,"href":"https:\/\/ckiw-tarnow.ohp.pl\/index.php\/wp-json\/wp\/v2\/categories?post=1712"},{"taxonomy":"post_tag","embeddable":true,"href":"https:\/\/ckiw-tarnow.ohp.pl\/index.php\/wp-json\/wp\/v2\/tags?post=1712"}],"curies":[{"name":"wp","href":"https:\/\/api.w.org\/{rel}","templated":true}]}}