{"id":17946,"date":"2025-12-19T11:32:29","date_gmt":"2025-12-19T10:32:29","guid":{"rendered":"https:\/\/ckiw-tarnow.ohp.pl\/?p=17946"},"modified":"2025-12-19T11:32:29","modified_gmt":"2025-12-19T10:32:29","slug":"xv-przeglad-koled-i-pastoralek-uczestnikow-ohp-wojewodztwa-malopolskiego","status":"publish","type":"post","link":"https:\/\/ckiw-tarnow.ohp.pl\/index.php\/2025\/12\/19\/xv-przeglad-koled-i-pastoralek-uczestnikow-ohp-wojewodztwa-malopolskiego\/","title":{"rendered":"XV Przegl\u0105d Kol\u0119d i Pastora\u0142ek Uczestnik\u00f3w OHP Wojew\u00f3dztwa Ma\u0142opolskiego."},"content":{"rendered":"\n<p>W zwi\u0105zku ze zbli\u017caj\u0105cym si\u0119 \u015awi\u0119tem Bo\u017cego Narodzenia, w czwartek 18 grudnia 2025r., w 6-36 Hufcu Pracy w Skomielnej Bia\u0142ej odby\u0142 si\u0119 XV Przegl\u0105d Kol\u0119d i Pastora\u0142ek Uczestnik\u00f3w OHP Wojew\u00f3dztwa Ma\u0142opolskiego.<\/p>\n\n\n\n<p>Tarnowskie Centrum Kszta\u0142cenia i Wychowania reprezentowa\u0142a uczestniczka Yana Fediuk wykonuj\u0105c kol\u0119d\u0119 \u201eDzisiaj w Betlejem\u201d.<\/p>\n\n\n\n<p>Pomimo, i\u017c nie uda\u0142o si\u0119 zdoby\u0107 miejsca na podium to serdecznie gratulujemy Naszej uczestniczce wspania\u0142ego wyst\u0119pu i zaanga\u017cowania \u017cycz\u0105c dalszych sukces\u00f3w. <\/p>\n\n\n\n<figure class=\"wp-block-image size-large\"><img loading=\"lazy\" decoding=\"async\" width=\"768\" height=\"1024\" src=\"https:\/\/ckiw-tarnow.ohp.pl\/wp-content\/uploads\/2025\/12\/2-7-768x1024.jpg\" alt=\"\" class=\"wp-image-17948\" srcset=\"https:\/\/ckiw-tarnow.ohp.pl\/wp-content\/uploads\/2025\/12\/2-7-768x1024.jpg 768w, https:\/\/ckiw-tarnow.ohp.pl\/wp-content\/uploads\/2025\/12\/2-7-225x300.jpg 225w, https:\/\/ckiw-tarnow.ohp.pl\/wp-content\/uploads\/2025\/12\/2-7-1152x1536.jpg 1152w, https:\/\/ckiw-tarnow.ohp.pl\/wp-content\/uploads\/2025\/12\/2-7.jpg 1536w\" sizes=\"auto, (max-width: 768px) 100vw, 768px\" \/><\/figure>\n\n\n\n<figure class=\"wp-block-image size-large\"><img loading=\"lazy\" decoding=\"async\" width=\"768\" height=\"1024\" src=\"https:\/\/ckiw-tarnow.ohp.pl\/wp-content\/uploads\/2025\/12\/Bez-nazw3-768x1024.jpg\" alt=\"\" class=\"wp-image-17949\" srcset=\"https:\/\/ckiw-tarnow.ohp.pl\/wp-content\/uploads\/2025\/12\/Bez-nazw3-768x1024.jpg 768w, https:\/\/ckiw-tarnow.ohp.pl\/wp-content\/uploads\/2025\/12\/Bez-nazw3-225x300.jpg 225w, https:\/\/ckiw-tarnow.ohp.pl\/wp-content\/uploads\/2025\/12\/Bez-nazw3-1152x1536.jpg 1152w, https:\/\/ckiw-tarnow.ohp.pl\/wp-content\/uploads\/2025\/12\/Bez-nazw3.jpg 1536w\" sizes=\"auto, (max-width: 768px) 100vw, 768px\" \/><\/figure>\n","protected":false},"excerpt":{"rendered":"<p>W zwi\u0105zku ze zbli\u017caj\u0105cym si\u0119 \u015awi\u0119tem Bo\u017cego Narodzenia, w czwartek 18 grudnia 2025r., w 6-36 Hufcu Pracy w Skomielnej Bia\u0142ej odby\u0142 si\u0119 XV Przegl\u0105d Kol\u0119d i Pastora\u0142ek Uczestnik\u00f3w OHP Wojew\u00f3dztwa Ma\u0142opolskiego. Tarnowskie Centrum Kszta\u0142cenia i Wychowania reprezentowa\u0142a uczestniczka Yana Fediuk wykonuj\u0105c kol\u0119d\u0119 \u201eDzisiaj w Betlejem\u201d. Pomimo, i\u017c nie uda\u0142o si\u0119 zdoby\u0107 miejsca na podium to [&hellip;]<\/p>\n","protected":false},"author":9,"featured_media":17947,"comment_status":"closed","ping_status":"closed","sticky":false,"template":"","format":"standard","meta":{"footnotes":""},"categories":[2],"tags":[],"class_list":["post-17946","post","type-post","status-publish","format-standard","has-post-thumbnail","hentry","category-aktualnosci"],"_links":{"self":[{"href":"https:\/\/ckiw-tarnow.ohp.pl\/index.php\/wp-json\/wp\/v2\/posts\/17946","targetHints":{"allow":["GET"]}}],"collection":[{"href":"https:\/\/ckiw-tarnow.ohp.pl\/index.php\/wp-json\/wp\/v2\/posts"}],"about":[{"href":"https:\/\/ckiw-tarnow.ohp.pl\/index.php\/wp-json\/wp\/v2\/types\/post"}],"author":[{"embeddable":true,"href":"https:\/\/ckiw-tarnow.ohp.pl\/index.php\/wp-json\/wp\/v2\/users\/9"}],"replies":[{"embeddable":true,"href":"https:\/\/ckiw-tarnow.ohp.pl\/index.php\/wp-json\/wp\/v2\/comments?post=17946"}],"version-history":[{"count":1,"href":"https:\/\/ckiw-tarnow.ohp.pl\/index.php\/wp-json\/wp\/v2\/posts\/17946\/revisions"}],"predecessor-version":[{"id":17950,"href":"https:\/\/ckiw-tarnow.ohp.pl\/index.php\/wp-json\/wp\/v2\/posts\/17946\/revisions\/17950"}],"wp:featuredmedia":[{"embeddable":true,"href":"https:\/\/ckiw-tarnow.ohp.pl\/index.php\/wp-json\/wp\/v2\/media\/17947"}],"wp:attachment":[{"href":"https:\/\/ckiw-tarnow.ohp.pl\/index.php\/wp-json\/wp\/v2\/media?parent=17946"}],"wp:term":[{"taxonomy":"category","embeddable":true,"href":"https:\/\/ckiw-tarnow.ohp.pl\/index.php\/wp-json\/wp\/v2\/categories?post=17946"},{"taxonomy":"post_tag","embeddable":true,"href":"https:\/\/ckiw-tarnow.ohp.pl\/index.php\/wp-json\/wp\/v2\/tags?post=17946"}],"curies":[{"name":"wp","href":"https:\/\/api.w.org\/{rel}","templated":true}]}}