{"id":18441,"date":"2026-04-23T13:10:38","date_gmt":"2026-04-23T11:10:38","guid":{"rendered":"https:\/\/ckiw-tarnow.ohp.pl\/?p=18441"},"modified":"2026-04-23T13:10:39","modified_gmt":"2026-04-23T11:10:39","slug":"dzien-ziemi-w-naszym-internacie","status":"publish","type":"post","link":"https:\/\/ckiw-tarnow.ohp.pl\/index.php\/2026\/04\/23\/dzien-ziemi-w-naszym-internacie\/","title":{"rendered":"Dzie\u0144 Ziemi w naszym internacie!"},"content":{"rendered":"\n<p>Z okazji Dnia Ziemi k\u00f3\u0142ko ekologiczne wraz z zaanga\u017cowan\u0105 m\u0142odzie\u017c\u0105 postanowi\u0142o wzi\u0105\u0107 sprawy w swoje r\u0119ce i zrobi\u0107 co\u015b dobrego dla naszej planety \u2013 zaczynaj\u0105c od najbli\u017cszego otoczenia. <\/p>\n\n\n\n<p>Wsp\u00f3lnie zadbali\u015bmy o przestrze\u0144 wok\u00f3\u0142 internatu, porz\u0105dkuj\u0105c teren i nadaj\u0105c mu now\u0105 \u015bwie\u017co\u015b\u0107. To jednak nie wszystko! W ramach naszych dzia\u0142a\u0144 posadzili\u015bmy tak\u017ce nowe drzewka, kt\u00f3re powi\u0119ksz\u0105 nasz\u0105 zesz\u0142oroczn\u0105 inicjatyw\u0119 \u2013 &#8221; Razem dla pszcz\u00f3\u0142&#8221;.  Dzi\u0119ki temu tworzymy coraz lepsze warunki dla zapylaczy i wspieramy lokaln\u0105 bior\u00f3\u017cnorodno\u015b\u0107.<\/p>\n\n\n\n<p>To by\u0142 dzie\u0144 pe\u0142en pracy, ale te\u017c satysfakcji, wsp\u00f3\u0142pracy i \u015bwiadomo\u015bci, \u017ce nawet ma\u0142e kroki maj\u0105 ogromne znaczenie. Dzi\u0119kujemy wszystkim, kt\u00f3rzy w\u0142\u0105czyli si\u0119 w t\u0119 inicjatyw\u0119! Razem mo\u017cemy wi\u0119cej! <\/p>\n\n\n\n<figure class=\"wp-block-image size-large\"><img loading=\"lazy\" decoding=\"async\" width=\"1024\" height=\"768\" src=\"https:\/\/ckiw-tarnow.ohp.pl\/wp-content\/uploads\/2026\/04\/100-1024x768.jpg\" alt=\"\" class=\"wp-image-18442\" srcset=\"https:\/\/ckiw-tarnow.ohp.pl\/wp-content\/uploads\/2026\/04\/100-1024x768.jpg 1024w, https:\/\/ckiw-tarnow.ohp.pl\/wp-content\/uploads\/2026\/04\/100-300x225.jpg 300w, https:\/\/ckiw-tarnow.ohp.pl\/wp-content\/uploads\/2026\/04\/100-768x576.jpg 768w, https:\/\/ckiw-tarnow.ohp.pl\/wp-content\/uploads\/2026\/04\/100-1536x1152.jpg 1536w, https:\/\/ckiw-tarnow.ohp.pl\/wp-content\/uploads\/2026\/04\/100.jpg 2048w\" sizes=\"auto, (max-width: 1024px) 100vw, 1024px\" \/><\/figure>\n\n\n\n<figure class=\"wp-block-image size-large\"><img loading=\"lazy\" decoding=\"async\" width=\"749\" height=\"1024\" src=\"https:\/\/ckiw-tarnow.ohp.pl\/wp-content\/uploads\/2026\/04\/101-749x1024.jpg\" alt=\"\" class=\"wp-image-18443\" srcset=\"https:\/\/ckiw-tarnow.ohp.pl\/wp-content\/uploads\/2026\/04\/101-749x1024.jpg 749w, https:\/\/ckiw-tarnow.ohp.pl\/wp-content\/uploads\/2026\/04\/101-219x300.jpg 219w, https:\/\/ckiw-tarnow.ohp.pl\/wp-content\/uploads\/2026\/04\/101-768x1051.jpg 768w, https:\/\/ckiw-tarnow.ohp.pl\/wp-content\/uploads\/2026\/04\/101-1123x1536.jpg 1123w, https:\/\/ckiw-tarnow.ohp.pl\/wp-content\/uploads\/2026\/04\/101.jpg 1497w\" sizes=\"auto, (max-width: 749px) 100vw, 749px\" \/><\/figure>\n","protected":false},"excerpt":{"rendered":"<p>Z okazji Dnia Ziemi k\u00f3\u0142ko ekologiczne wraz z zaanga\u017cowan\u0105 m\u0142odzie\u017c\u0105 postanowi\u0142o wzi\u0105\u0107 sprawy w swoje r\u0119ce i zrobi\u0107 co\u015b dobrego dla naszej planety \u2013 zaczynaj\u0105c od najbli\u017cszego otoczenia. Wsp\u00f3lnie zadbali\u015bmy o przestrze\u0144 wok\u00f3\u0142 internatu, porz\u0105dkuj\u0105c teren i nadaj\u0105c mu now\u0105 \u015bwie\u017co\u015b\u0107. To jednak nie wszystko! W ramach naszych dzia\u0142a\u0144 posadzili\u015bmy tak\u017ce nowe drzewka, kt\u00f3re powi\u0119ksz\u0105 [&hellip;]<\/p>\n","protected":false},"author":9,"featured_media":18444,"comment_status":"closed","ping_status":"closed","sticky":false,"template":"","format":"standard","meta":{"footnotes":""},"categories":[2],"tags":[],"class_list":["post-18441","post","type-post","status-publish","format-standard","has-post-thumbnail","hentry","category-aktualnosci"],"_links":{"self":[{"href":"https:\/\/ckiw-tarnow.ohp.pl\/index.php\/wp-json\/wp\/v2\/posts\/18441","targetHints":{"allow":["GET"]}}],"collection":[{"href":"https:\/\/ckiw-tarnow.ohp.pl\/index.php\/wp-json\/wp\/v2\/posts"}],"about":[{"href":"https:\/\/ckiw-tarnow.ohp.pl\/index.php\/wp-json\/wp\/v2\/types\/post"}],"author":[{"embeddable":true,"href":"https:\/\/ckiw-tarnow.ohp.pl\/index.php\/wp-json\/wp\/v2\/users\/9"}],"replies":[{"embeddable":true,"href":"https:\/\/ckiw-tarnow.ohp.pl\/index.php\/wp-json\/wp\/v2\/comments?post=18441"}],"version-history":[{"count":1,"href":"https:\/\/ckiw-tarnow.ohp.pl\/index.php\/wp-json\/wp\/v2\/posts\/18441\/revisions"}],"predecessor-version":[{"id":18445,"href":"https:\/\/ckiw-tarnow.ohp.pl\/index.php\/wp-json\/wp\/v2\/posts\/18441\/revisions\/18445"}],"wp:featuredmedia":[{"embeddable":true,"href":"https:\/\/ckiw-tarnow.ohp.pl\/index.php\/wp-json\/wp\/v2\/media\/18444"}],"wp:attachment":[{"href":"https:\/\/ckiw-tarnow.ohp.pl\/index.php\/wp-json\/wp\/v2\/media?parent=18441"}],"wp:term":[{"taxonomy":"category","embeddable":true,"href":"https:\/\/ckiw-tarnow.ohp.pl\/index.php\/wp-json\/wp\/v2\/categories?post=18441"},{"taxonomy":"post_tag","embeddable":true,"href":"https:\/\/ckiw-tarnow.ohp.pl\/index.php\/wp-json\/wp\/v2\/tags?post=18441"}],"curies":[{"name":"wp","href":"https:\/\/api.w.org\/{rel}","templated":true}]}}