{"id":2412,"date":"2017-03-13T15:00:11","date_gmt":"2017-03-13T14:00:11","guid":{"rendered":"http:\/\/ckiw-tarnow.ohp.pl\/beta\/?p=2412"},"modified":"2017-03-13T15:00:11","modified_gmt":"2017-03-13T14:00:11","slug":"nocny-bieg-pamieci-zolnierzy-wykletych-im-adama-boryczki","status":"publish","type":"post","link":"https:\/\/ckiw-tarnow.ohp.pl\/index.php\/2017\/03\/13\/nocny-bieg-pamieci-zolnierzy-wykletych-im-adama-boryczki\/","title":{"rendered":"Nocny Bieg Pami\u0119ci \u017bo\u0142nierzy Wykl\u0119tych im. Adama Boryczki"},"content":{"rendered":"<p>W dniu 10.03.2017 r. trzech uczestnik\u00f3w CKiW OHP w Tarnowie wzi\u0119\u0142o\u00a0 udzia\u0142 w II Nocnym Biegu Pami\u0119ci \u017bo\u0142nierzy Wykl\u0119tych im. Cc Adama Boryczki, kt\u00f3ry odby\u0142 si\u0119 w Wierzchos\u0142awicach. Wydarzenie sk\u0142ada\u0142o si\u0119 z dw\u00f3ch cz\u0119\u015bci \u2013 bieg na 10,3 km, oraz Nordic Walking na dystansie 6 km.\u00a0\u00a0\u00a0 Uczestnicy CKiW wystartowali na dystansie 6 km.<\/p>\n<p>Patron imprezy Adam Boryczka to \u017co\u0142nierz wrze\u015bnia 1939 r. Od 1944 zast\u0119pca dow\u00f3dcy i dow\u00f3dca 6 Wile\u0144skiej Brygady AK. Szef Oddzia\u0142u III Komendy Okr\u0119gu Wilno AK. Od ko\u0144ca 1947 kurier Delegatury Zagranicznej WiN. Aresztowany przy pr\u00f3bie przekroczenia granicy PRL w po\u0142owie czerwca 1954. 21 maja zosta\u0142 skazany na kar\u0119 \u015bmierci, zamienion\u0105 na kar\u0119 do\u017cywotniego wi\u0119zienia. 29 listopada 1967 wyszed\u0142 na wolno\u015b\u0107. Dystans biegu 10 311 metr\u00f3w, ma wymiar symboliczny. Jest to liczba dni, kt\u00f3ra min\u0119\u0142a od dnia 6 wrze\u015bnia 1939 r. kiedy wyszed\u0142 z domu na wojn\u0119, do 29 listopada 1967, kiedy opu\u015bci\u0142 komunistyczne wi\u0119zienie. Wolno\u015bci tak naprawd\u0119 nie odzyska\u0142 nigdy. Zmar\u0142 30 kwietnia 1988 w Warszawie. Spocz\u0105\u0142 na Pow\u0105zkach.<\/p>\n<p>Udzia\u0142 naszej m\u0142odzie\u017cy w tym przedsi\u0119wzi\u0119ciu by\u0142o wspania\u0142\u0105 lekcj\u0105 historii, i zapewne wpisze si\u0119 w kalendarz corocznych obchod\u00f3w Pami\u0119ci \u017bo\u0142nierzy Wykl\u0119tych.<\/p>\n","protected":false},"excerpt":{"rendered":"<p>W dniu 10.03.2017 r. trzech uczestnik\u00f3w CKiW OHP w Tarnowie wzi\u0119\u0142o\u00a0 udzia\u0142 w II Nocnym Biegu Pami\u0119ci \u017bo\u0142nierzy Wykl\u0119tych im. Cc Adama Boryczki, kt\u00f3ry odby\u0142 si\u0119 w Wierzchos\u0142awicach. Wydarzenie sk\u0142ada\u0142o si\u0119 z dw\u00f3ch cz\u0119\u015bci \u2013 bieg na 10,3 km, oraz Nordic Walking na dystansie 6 km.\u00a0\u00a0\u00a0 Uczestnicy CKiW wystartowali na dystansie 6 km. Patron imprezy [&hellip;]<\/p>\n","protected":false},"author":1,"featured_media":0,"comment_status":"closed","ping_status":"closed","sticky":false,"template":"","format":"standard","meta":{"footnotes":""},"categories":[2],"tags":[],"class_list":["post-2412","post","type-post","status-publish","format-standard","hentry","category-aktualnosci"],"_links":{"self":[{"href":"https:\/\/ckiw-tarnow.ohp.pl\/index.php\/wp-json\/wp\/v2\/posts\/2412","targetHints":{"allow":["GET"]}}],"collection":[{"href":"https:\/\/ckiw-tarnow.ohp.pl\/index.php\/wp-json\/wp\/v2\/posts"}],"about":[{"href":"https:\/\/ckiw-tarnow.ohp.pl\/index.php\/wp-json\/wp\/v2\/types\/post"}],"author":[{"embeddable":true,"href":"https:\/\/ckiw-tarnow.ohp.pl\/index.php\/wp-json\/wp\/v2\/users\/1"}],"replies":[{"embeddable":true,"href":"https:\/\/ckiw-tarnow.ohp.pl\/index.php\/wp-json\/wp\/v2\/comments?post=2412"}],"version-history":[{"count":1,"href":"https:\/\/ckiw-tarnow.ohp.pl\/index.php\/wp-json\/wp\/v2\/posts\/2412\/revisions"}],"predecessor-version":[{"id":2414,"href":"https:\/\/ckiw-tarnow.ohp.pl\/index.php\/wp-json\/wp\/v2\/posts\/2412\/revisions\/2414"}],"wp:attachment":[{"href":"https:\/\/ckiw-tarnow.ohp.pl\/index.php\/wp-json\/wp\/v2\/media?parent=2412"}],"wp:term":[{"taxonomy":"category","embeddable":true,"href":"https:\/\/ckiw-tarnow.ohp.pl\/index.php\/wp-json\/wp\/v2\/categories?post=2412"},{"taxonomy":"post_tag","embeddable":true,"href":"https:\/\/ckiw-tarnow.ohp.pl\/index.php\/wp-json\/wp\/v2\/tags?post=2412"}],"curies":[{"name":"wp","href":"https:\/\/api.w.org\/{rel}","templated":true}]}}