{"id":2736,"date":"2017-04-11T14:00:24","date_gmt":"2017-04-11T12:00:24","guid":{"rendered":"http:\/\/ckiw-tarnow.ohp.pl\/beta\/?p=2736"},"modified":"2017-04-11T14:00:24","modified_gmt":"2017-04-11T12:00:24","slug":"zakonczenie-projektu-obudz-swoj-potencjal-yei","status":"publish","type":"post","link":"https:\/\/ckiw-tarnow.ohp.pl\/index.php\/2017\/04\/11\/zakonczenie-projektu-obudz-swoj-potencjal-yei\/","title":{"rendered":"Zako\u0144czenie projektu \u201eObud\u017a sw\u00f3j potencja\u0142\u2013YEI\u201d"},"content":{"rendered":"<p><img loading=\"lazy\" decoding=\"async\" class=\"aligncenter size-full wp-image-2670\" src=\"https:\/\/ckiw-tarnow.ohp.pl\/wp-content\/uploads\/2017\/04\/logo.png\" alt=\"logo\" width=\"652\" height=\"212\" \/>W dniu 11.04.2017 roku w Centrum Kszta\u0142cenia i Wychowania OHP w Tarnowie odby\u0142o si\u0119 uroczyste zako\u0144czenie projektu \u201eObud\u017a sw\u00f3j potencja\u0142 \u2013YEI\u201d wsp\u00f3\u0142finansowanego ze \u015brodk\u00f3w Unii Europejskiej w ramach alokacji dla Inicjatywy na rzecz zatrudnienia ludzi m\u0142odych O\u015b I, Priorytetu Inwestycyjnego 8.ii,\u00a0 Programu Operacyjnego Wiedza Edukacja Rozw\u00f3j (PO WER), Dzia\u0142anie 1.3, Podzia\u0142anie 1.3.2.\u00a0 \u00a0Uczestnikami projektu by\u0142a m\u0142odzie\u017c\u00a0\u00a0 w wieku 18 &#8211; 24 lat, osoby pozostaj\u0105ce bez zatrudnienia\u00a0 (zar\u00f3wno bierne zawodowo jak i bezrobotne zarejestrowane w PUP); osoby nieucz\u0105ce si\u0119, nie posiadaj\u0105ce kwalifikacji zawodowych, b\u0105d\u017a posiadaj\u0105ce kwalifikacje niedostosowane do potrzeb rynku pracy. W projekcie uczestniczy\u0142o10 os\u00f3b.<\/p>\n<p>W ramach projektu m\u0142odzie\u017c wzi\u0119\u0142a udzia\u0142 w nast\u0119puj\u0105cych zaj\u0119ciach:<\/p>\n<p>&#8211; Grupowe zaj\u0119cia z doradc\u0105 zawodowym;<\/p>\n<p>&#8211; Indywidualne zaj\u0119cia z doradc\u0105 zawodowym;<\/p>\n<p>&#8211; Grupowe wsparcie psychologiczne;<\/p>\n<p>&#8211; Kursy j\u0119zykowe dla 20% uczestnik\u00f3w<\/p>\n<p>&#8211; Podstawowy kurs komputerowy dla 10 % uczestnik\u00f3w;<\/p>\n<p>&#8211; Kurs ECDL dla 20 % uczestnik\u00f3w;<\/p>\n<p>&#8211; Kurs prawa jazdy dla 20% uczestnik\u00f3w;<\/p>\n<p>&#8211; Kurs przedsi\u0119biorczo\u015bci dla 10% uczestnik\u00f3w;<\/p>\n<p>&#8211; Warsztaty z zakresu kreowania wizerunku po\u0142\u0105czone z us\u0142ug\u0105 stylisty;<\/p>\n<p>&#8211; Kursy zawodowe w zawodach: kosmetyczka z elementami wiza\u017cu i stylizacj\u0105 paznokci, kelner-baran,\u00a0 sprzedawca \u2013 magazynier\u00a0 z obs\u0142ug\u0105 w\u00f3zka wid\u0142owego, spawacz metod\u0105 MAG 135.<\/p>\n<p><img loading=\"lazy\" decoding=\"async\" class=\"aligncenter size-full wp-image-2737\" src=\"https:\/\/ckiw-tarnow.ohp.pl\/wp-content\/uploads\/2017\/04\/0000041157.jpg\" alt=\"0000041157\" width=\"870\" height=\"240\" \/><\/p>\n<p>Dodatkowe wsparcie z kt\u00f3rego m\u0142odzie\u017c mog\u0142a skorzysta\u0107 to:<\/p>\n<p>&#8211; ubezpieczenie od nast\u0119pstw nieszcz\u0119\u015bliwych wypadk\u00f3w<\/p>\n<p>&#8211; ubezpieczenie zdrowotne na czas trwania projektu<\/p>\n<p>&#8211; dofinansowanie dojazd\u00f3w na zaj\u0119cia<\/p>\n<p>&#8211; wy\u017cywienie podczas realizacji zaj\u0119\u0107 przewidzianych w projekcie<\/p>\n<p>&#8211; stypendia szkoleniowe \u2013 jednorazowo w wysoko\u015bci <strong>997,40 z\u0142 <\/strong>(netto) dla ka\u017cdego uczestnika, kt\u00f3ry pomy\u015blnie uko\u0144czy kurs zawodowy<\/p>\n<p>&#8211; stypendia sta\u017cowe w wysoko\u015bci <strong>997,40 z\u0142 <\/strong>(netto) dla ka\u017cdego uczestnika co miesi\u0105c przez okres trwania sta\u017cu (tj. <strong>3 miesi\u0105ce<\/strong>)<\/p>\n<p>W projekcie wzi\u0119\u0142o udzia\u0142 10 uczestnik\u00f3w.<\/p>\n<p><img loading=\"lazy\" decoding=\"async\" class=\"aligncenter size-full wp-image-2738\" src=\"https:\/\/ckiw-tarnow.ohp.pl\/wp-content\/uploads\/2017\/04\/DSC_0114.jpg\" alt=\"DSC_0114\" width=\"4608\" height=\"3072\" \/> <img loading=\"lazy\" decoding=\"async\" class=\"aligncenter size-full wp-image-2739\" src=\"https:\/\/ckiw-tarnow.ohp.pl\/wp-content\/uploads\/2017\/04\/DSC_0120.jpg\" alt=\"DSC_0120\" width=\"4608\" height=\"3072\" \/> <img loading=\"lazy\" decoding=\"async\" class=\"aligncenter size-full wp-image-2740\" src=\"https:\/\/ckiw-tarnow.ohp.pl\/wp-content\/uploads\/2017\/04\/DSC_0121.jpg\" alt=\"DSC_0121\" width=\"4608\" height=\"3072\" \/><\/p>\n","protected":false},"excerpt":{"rendered":"<p>W dniu 11.04.2017 roku w Centrum Kszta\u0142cenia i Wychowania OHP w Tarnowie odby\u0142o si\u0119 uroczyste zako\u0144czenie projektu \u201eObud\u017a sw\u00f3j potencja\u0142 \u2013YEI\u201d wsp\u00f3\u0142finansowanego ze \u015brodk\u00f3w Unii Europejskiej w ramach alokacji dla Inicjatywy na rzecz zatrudnienia ludzi m\u0142odych O\u015b I, Priorytetu Inwestycyjnego 8.ii,\u00a0 Programu Operacyjnego Wiedza Edukacja Rozw\u00f3j (PO WER), Dzia\u0142anie 1.3, Podzia\u0142anie 1.3.2.\u00a0 \u00a0Uczestnikami projektu by\u0142a [&hellip;]<\/p>\n","protected":false},"author":1,"featured_media":0,"comment_status":"closed","ping_status":"closed","sticky":false,"template":"","format":"standard","meta":{"footnotes":""},"categories":[2,7,8,9],"tags":[],"class_list":["post-2736","post","type-post","status-publish","format-standard","hentry","category-aktualnosci","category-projekty_ue","category-w_realizacji","category-zrealizowane"],"_links":{"self":[{"href":"https:\/\/ckiw-tarnow.ohp.pl\/index.php\/wp-json\/wp\/v2\/posts\/2736","targetHints":{"allow":["GET"]}}],"collection":[{"href":"https:\/\/ckiw-tarnow.ohp.pl\/index.php\/wp-json\/wp\/v2\/posts"}],"about":[{"href":"https:\/\/ckiw-tarnow.ohp.pl\/index.php\/wp-json\/wp\/v2\/types\/post"}],"author":[{"embeddable":true,"href":"https:\/\/ckiw-tarnow.ohp.pl\/index.php\/wp-json\/wp\/v2\/users\/1"}],"replies":[{"embeddable":true,"href":"https:\/\/ckiw-tarnow.ohp.pl\/index.php\/wp-json\/wp\/v2\/comments?post=2736"}],"version-history":[{"count":1,"href":"https:\/\/ckiw-tarnow.ohp.pl\/index.php\/wp-json\/wp\/v2\/posts\/2736\/revisions"}],"predecessor-version":[{"id":2742,"href":"https:\/\/ckiw-tarnow.ohp.pl\/index.php\/wp-json\/wp\/v2\/posts\/2736\/revisions\/2742"}],"wp:attachment":[{"href":"https:\/\/ckiw-tarnow.ohp.pl\/index.php\/wp-json\/wp\/v2\/media?parent=2736"}],"wp:term":[{"taxonomy":"category","embeddable":true,"href":"https:\/\/ckiw-tarnow.ohp.pl\/index.php\/wp-json\/wp\/v2\/categories?post=2736"},{"taxonomy":"post_tag","embeddable":true,"href":"https:\/\/ckiw-tarnow.ohp.pl\/index.php\/wp-json\/wp\/v2\/tags?post=2736"}],"curies":[{"name":"wp","href":"https:\/\/api.w.org\/{rel}","templated":true}]}}