{"id":3265,"date":"2017-06-07T14:38:22","date_gmt":"2017-06-07T12:38:22","guid":{"rendered":"http:\/\/ckiw-tarnow.ohp.pl\/beta\/?p=3265"},"modified":"2017-06-07T14:45:23","modified_gmt":"2017-06-07T12:45:23","slug":"polak-maly-w-ogrodach-kancelarii-prezesa-rady-ministrow","status":"publish","type":"post","link":"https:\/\/ckiw-tarnow.ohp.pl\/index.php\/2017\/06\/07\/polak-maly-w-ogrodach-kancelarii-prezesa-rady-ministrow\/","title":{"rendered":"&#8222;Polak Ma\u0142y&#8221; w ogrodach Kancelarii Prezesa Rady Ministr\u00f3w"},"content":{"rendered":"<p>W dniu 3 czerwca ekipa z CKiW OHP w Tarnowie wzi\u0119\u0142a udzia\u0142 w organizacji pikniku \u201ePolak Ma\u0142y\u201d z okazji Dnia Dziecka, kt\u00f3ry odby\u0142 si\u0119 na terenie ogrod\u00f3w Kancelarii Prezesa Rady Ministr\u00f3w w Warszawie.<\/p>\n<p>Na piknik pojechali\u015bmy w mocnym siedmioosobowym sk\u0142adzie z pi\u0119cioma wychowawcami i dwoma uczestniczkami. Nasze stoisko pe\u0142ne atrakcji, by\u0142o cz\u0119\u015bci\u0105 placu zagospodarowanego przez Ministerstwo Rodziny, Pracy i Polityki Spo\u0142ecznej, kt\u00f3re odwiedzi\u0142a zar\u00f3wno Pani Premier Beata Szyd\u0142o oraz Pani Minister El\u017cbieta Rafalska. G\u0142\u00f3wn\u0105 atrakcj\u0105 naszego stoiska by\u0142o czesanie dzieci przez nasze uczestniczki. Kolejka do ich stanowisk fryzjerskich nie mia\u0142a ko\u0144ca.<\/p>\n<p>W kolorowych przebraniach rzucali\u015bmy si\u0119 w oczy i pomimo tego, \u017ce byli\u015bmy w pracy, to \u015bwietnie bawili\u015bmy si\u0119 z dzie\u0107mi. To by\u0142a bardzo udana sobota zar\u00f3wno dla nas jak i ca\u0142ych rodzin obecnych na pikniku. Zaczynamy si\u0119 ju\u017c przygotowywa\u0107 do przysz\u0142orocznych obchod\u00f3w Dnia Dziecka w Warszawie.<\/p>\n<p>[espro-slider id=3268]<\/p>\n","protected":false},"excerpt":{"rendered":"<p>W dniu 3 czerwca ekipa z CKiW OHP w Tarnowie wzi\u0119\u0142a udzia\u0142 w organizacji pikniku \u201ePolak Ma\u0142y\u201d z okazji Dnia Dziecka, kt\u00f3ry odby\u0142 si\u0119 na terenie ogrod\u00f3w Kancelarii Prezesa Rady Ministr\u00f3w w Warszawie. Na piknik pojechali\u015bmy w mocnym siedmioosobowym sk\u0142adzie z pi\u0119cioma wychowawcami i dwoma uczestniczkami. Nasze stoisko pe\u0142ne atrakcji, by\u0142o cz\u0119\u015bci\u0105 placu zagospodarowanego przez [&hellip;]<\/p>\n","protected":false},"author":1,"featured_media":0,"comment_status":"closed","ping_status":"closed","sticky":false,"template":"","format":"standard","meta":{"footnotes":""},"categories":[2],"tags":[],"class_list":["post-3265","post","type-post","status-publish","format-standard","hentry","category-aktualnosci"],"_links":{"self":[{"href":"https:\/\/ckiw-tarnow.ohp.pl\/index.php\/wp-json\/wp\/v2\/posts\/3265","targetHints":{"allow":["GET"]}}],"collection":[{"href":"https:\/\/ckiw-tarnow.ohp.pl\/index.php\/wp-json\/wp\/v2\/posts"}],"about":[{"href":"https:\/\/ckiw-tarnow.ohp.pl\/index.php\/wp-json\/wp\/v2\/types\/post"}],"author":[{"embeddable":true,"href":"https:\/\/ckiw-tarnow.ohp.pl\/index.php\/wp-json\/wp\/v2\/users\/1"}],"replies":[{"embeddable":true,"href":"https:\/\/ckiw-tarnow.ohp.pl\/index.php\/wp-json\/wp\/v2\/comments?post=3265"}],"version-history":[{"count":2,"href":"https:\/\/ckiw-tarnow.ohp.pl\/index.php\/wp-json\/wp\/v2\/posts\/3265\/revisions"}],"predecessor-version":[{"id":3291,"href":"https:\/\/ckiw-tarnow.ohp.pl\/index.php\/wp-json\/wp\/v2\/posts\/3265\/revisions\/3291"}],"wp:attachment":[{"href":"https:\/\/ckiw-tarnow.ohp.pl\/index.php\/wp-json\/wp\/v2\/media?parent=3265"}],"wp:term":[{"taxonomy":"category","embeddable":true,"href":"https:\/\/ckiw-tarnow.ohp.pl\/index.php\/wp-json\/wp\/v2\/categories?post=3265"},{"taxonomy":"post_tag","embeddable":true,"href":"https:\/\/ckiw-tarnow.ohp.pl\/index.php\/wp-json\/wp\/v2\/tags?post=3265"}],"curies":[{"name":"wp","href":"https:\/\/api.w.org\/{rel}","templated":true}]}}