{"id":3454,"date":"2017-09-04T11:16:13","date_gmt":"2017-09-04T09:16:13","guid":{"rendered":"http:\/\/ckiw-tarnow.ohp.pl\/beta\/?p=3454"},"modified":"2017-09-04T11:16:13","modified_gmt":"2017-09-04T09:16:13","slug":"rozpoczecie-nowego-roku-szkolnego-i-szkoleniowego-w-ckiw-ohp-w-tarnowie-2","status":"publish","type":"post","link":"https:\/\/ckiw-tarnow.ohp.pl\/index.php\/2017\/09\/04\/rozpoczecie-nowego-roku-szkolnego-i-szkoleniowego-w-ckiw-ohp-w-tarnowie-2\/","title":{"rendered":"Rozpocz\u0119cie nowego roku szkolnego i szkoleniowego w CKiW OHP w Tarnowie"},"content":{"rendered":"<p><strong><em>Inauguracj\u0119 roku szkoleniowego rozpocz\u0119li\u015bmy wsp\u00f3ln\u0105 modlitw\u0105 podczas Mszy \u015bw. w ko\u015bciele \u015bw. Rodziny w Tarnowie.<\/em><\/strong><\/p>\n<p>Po nabo\u017ce\u0144stwie wr\u00f3cili\u015bmy na teren Centrum, gdzie m\u0142odzie\u017c, kadr\u0119 opieku\u0144czo-wychowawcz\u0105 CKiW oraz nauczycieli szko\u0142y przywita\u0142 Dyrektor CKiW OHP w Tarnowie pan Tomasz Stelmach oraz Wicedyrektor Zespo\u0142u Szk\u00f3\u0142 Niepublicznych w Tarnowie pani Anna Bieniasz. Nast\u0119pnie ju\u017c w salach lekcyjnych, nauczyciele spotkali si\u0119 ze swoimi uczniami na pierwszej lekcji wychowawczo-organizacyjnej. Po zaj\u0119ciach w szkole, uczestnicy CKiW OHP w Tarnowie spotkali si\u0119 w sali konferencyjnej tarnowskiego Centrum z kadr\u0105 opieku\u0144czo \u2013 wychowawcz\u0105. Kierownik internatu pan Marek S\u0142owik zapozna\u0142 m\u0142odzie\u017c rozpoczynaj\u0105c\u0105 szkolenie z regulaminem pobytu w plac\u00f3wce, a uczestnikom kontynuuj\u0105cym pobyt w CKiW przypomnia\u0142 znane zasady i poprosi\u0142 o \u017cyczliwe przyj\u0119cie nowych r\u00f3wie\u015bnik\u00f3w. Przekaza\u0142 te\u017c informacje o planowanych imprezach, konkursach, zawodach i zaj\u0119ciach pozalekcyjnych, w kt\u00f3rych m\u0142odzie\u017c b\u0119dzie mog\u0142a bra\u0107 udzia\u0142. Szczeg\u00f3ln\u0105 uwag\u0119 zwr\u00f3ci\u0142 na zasady bezpiecze\u0144stwa w internacie, w szkole, podczas zaj\u0119\u0107 praktycznych jak r\u00f3wnie\u017c w czasie wyj\u015b\u0107 i wyjazd\u00f3w poza teren plac\u00f3wki.<br \/>\n<strong>M\u0142odzie\u017cy rozpoczynaj\u0105cej nauk\u0119 oraz kontynuuj\u0105cej szkolenie w Centrum Kszta\u0142cenia i Wychowania OHP w Tarnowie \u017cyczymy, aby nowy rok szkolny obfitowa\u0142 w radosne wydarzenia, a w czerwcu zaowocowa\u0142 sukcesem edukacyjnym.<\/strong><\/p>\n<p><img loading=\"lazy\" decoding=\"async\" class=\"aligncenter size-full wp-image-3456\" src=\"https:\/\/ckiw-tarnow.ohp.pl\/wp-content\/uploads\/2017\/09\/21271052_1397344773720468_7382145577819346030_n.jpg\" alt=\"\" width=\"960\" height=\"720\" \/> <img loading=\"lazy\" decoding=\"async\" class=\"aligncenter size-full wp-image-3457\" src=\"https:\/\/ckiw-tarnow.ohp.pl\/wp-content\/uploads\/2017\/09\/21314433_1397344767053802_8747750845860925923_n.jpg\" alt=\"\" width=\"960\" height=\"720\" \/> <img loading=\"lazy\" decoding=\"async\" class=\"aligncenter size-full wp-image-3458\" src=\"https:\/\/ckiw-tarnow.ohp.pl\/wp-content\/uploads\/2017\/09\/21317604_1397344777053801_9054862150611392603_n-1.jpg\" alt=\"\" width=\"960\" height=\"720\" \/><\/p>\n","protected":false},"excerpt":{"rendered":"<p>Inauguracj\u0119 roku szkoleniowego rozpocz\u0119li\u015bmy wsp\u00f3ln\u0105 modlitw\u0105 podczas Mszy \u015bw. w ko\u015bciele \u015bw. Rodziny w Tarnowie. Po nabo\u017ce\u0144stwie wr\u00f3cili\u015bmy na teren Centrum, gdzie m\u0142odzie\u017c, kadr\u0119 opieku\u0144czo-wychowawcz\u0105 CKiW oraz nauczycieli szko\u0142y przywita\u0142 Dyrektor CKiW OHP w Tarnowie pan Tomasz Stelmach oraz Wicedyrektor Zespo\u0142u Szk\u00f3\u0142 Niepublicznych w Tarnowie pani Anna Bieniasz. Nast\u0119pnie ju\u017c w salach lekcyjnych, nauczyciele spotkali [&hellip;]<\/p>\n","protected":false},"author":1,"featured_media":0,"comment_status":"closed","ping_status":"closed","sticky":false,"template":"","format":"standard","meta":{"footnotes":""},"categories":[2],"tags":[],"class_list":["post-3454","post","type-post","status-publish","format-standard","hentry","category-aktualnosci"],"_links":{"self":[{"href":"https:\/\/ckiw-tarnow.ohp.pl\/index.php\/wp-json\/wp\/v2\/posts\/3454","targetHints":{"allow":["GET"]}}],"collection":[{"href":"https:\/\/ckiw-tarnow.ohp.pl\/index.php\/wp-json\/wp\/v2\/posts"}],"about":[{"href":"https:\/\/ckiw-tarnow.ohp.pl\/index.php\/wp-json\/wp\/v2\/types\/post"}],"author":[{"embeddable":true,"href":"https:\/\/ckiw-tarnow.ohp.pl\/index.php\/wp-json\/wp\/v2\/users\/1"}],"replies":[{"embeddable":true,"href":"https:\/\/ckiw-tarnow.ohp.pl\/index.php\/wp-json\/wp\/v2\/comments?post=3454"}],"version-history":[{"count":1,"href":"https:\/\/ckiw-tarnow.ohp.pl\/index.php\/wp-json\/wp\/v2\/posts\/3454\/revisions"}],"predecessor-version":[{"id":3459,"href":"https:\/\/ckiw-tarnow.ohp.pl\/index.php\/wp-json\/wp\/v2\/posts\/3454\/revisions\/3459"}],"wp:attachment":[{"href":"https:\/\/ckiw-tarnow.ohp.pl\/index.php\/wp-json\/wp\/v2\/media?parent=3454"}],"wp:term":[{"taxonomy":"category","embeddable":true,"href":"https:\/\/ckiw-tarnow.ohp.pl\/index.php\/wp-json\/wp\/v2\/categories?post=3454"},{"taxonomy":"post_tag","embeddable":true,"href":"https:\/\/ckiw-tarnow.ohp.pl\/index.php\/wp-json\/wp\/v2\/tags?post=3454"}],"curies":[{"name":"wp","href":"https:\/\/api.w.org\/{rel}","templated":true}]}}