{"id":3521,"date":"2017-10-11T10:00:29","date_gmt":"2017-10-11T08:00:29","guid":{"rendered":"http:\/\/ckiw-tarnow.ohp.pl\/beta\/?p=3521"},"modified":"2017-10-11T10:16:04","modified_gmt":"2017-10-11T08:16:04","slug":"ruszyl-nabor-do-projektu-pt-od-szkolenia-do-zatrudnienia-yei","status":"publish","type":"post","link":"https:\/\/ckiw-tarnow.ohp.pl\/index.php\/2017\/10\/11\/ruszyl-nabor-do-projektu-pt-od-szkolenia-do-zatrudnienia-yei\/","title":{"rendered":"Ruszy\u0142 nab\u00f3r do projektu pt.\u201d Od szkolenia do zatrudnienia- YEI\u201d (aktualizacja)"},"content":{"rendered":"<p>W Centrum Kszta\u0142cenia i Wychowania OHP w Tarnowie ruszy\u0142 nab\u00f3r do projektu pt. \u201eOd szkolenia do zatrudnienia- YEI\u201d.<\/p>\n<p>Projekt ten skierowany jest do os\u00f3b biernych zawodowo, nieucz\u0105cych si\u0119 i nieszkol\u0105cych w wieku 18-24 lata (uko\u0144czony 18 r. \u017c. i nie uko\u0144czony 25 r. \u017c.). Wsparcie OHP adresowane jest przede wszystkim\u00a0 do m\u0142odzie\u017cy pozostaj\u0105cej bez zatrudnienia, zagro\u017conej wykluczeniem spo\u0142ecznym, w szczeg\u00f3lno\u015bci do os\u00f3b wywodz\u0105cych si\u0119 z rodzin niepe\u0142nych, bezrobotnych, niewydolnych wychowawczo i zagro\u017conych patologiami spo\u0142ecznymi.\u00a0 Ze wzgl\u0119du na poziom wykszta\u0142cenia i zakres do\u015bwiadczenia zawodowego adresatami wsparcia b\u0119d\u0105 osoby, kt\u00f3re posiadaj\u0105 wykszta\u0142cenia na poziomie szko\u0142y podstawowej, nie posiadaj\u0105 kwalifikacji i do\u015bwiadczenia zawodowego oraz osoby posiadaj\u0105ce zaw\u00f3d lub kwalifikacje w zawodzie, kt\u00f3re po sko\u0144czeniu nauki nie mog\u0105 znale\u017a\u0107 zatrudnienia. W projekcie przewiduje si\u0119 udzia\u0142 os\u00f3b z niepe\u0142nosprawno\u015bciami.<\/p>\n<p><strong>Aby zosta\u0107\u00a0 zakwalifikowanym do udzia\u0142u w projekcie uczestnik w momencie przyst\u0105pienia do projektu musi spe\u0142ni\u0107 wszystkie kryteria przynale\u017cno\u015bci do grupy docelowej:<\/strong><\/p>\n<p>&#8211; wiek 18-24 lata,<\/p>\n<p>&#8211; by\u0107 osob\u0105 biern\u0105 zawodowo,<\/p>\n<p>&#8211; by\u0107 osob\u0105 niekszta\u0142c\u0105c\u0105 si\u0119 i nieszkol\u0105c\u0105 si\u0119\u00a0 (tzw. grupa NEET),<\/p>\n<p>&#8211; nie posiada\u0107 kwalifikacji zawodowych, posiada\u0107 niskie kwalifikacje\u00a0 zawodowe lub posiada\u0107 kwalifikacje zawodowe niedostosowane do potrzeb rynku pracy.<\/p>\n<p><strong>Pierwsze\u0144stwo przyj\u0119cia do projektu maj\u0105 osoby spe\u0142niaj\u0105ce powy\u017csze kryteria naboru oraz kryteria premiuj\u0105ce:<\/strong><\/p>\n<ul>\n<li>posiadanie orzeczenia o stopniu niepe\u0142nosprawno\u015bci,<\/li>\n<li>bycie rodzicem\/opiekunem prawnym lub faktycznym dziecka\/osoby z niepe\u0142nosprawno\u015bciami,<\/li>\n<li>\u017cycie w gospodarstwie domowym korzystaj\u0105cym ze \u015bwiadcze\u0144 pomocy spo\u0142ecznej.<\/li>\n<\/ul>\n<p>Czynnikami decyduj\u0105cymi o kolejno\u015bci przyj\u0119cia danej osoby do projektu jest spe\u0142nienie jak najwi\u0119kszej ilo\u015bci kryteri\u00f3w premiuj\u0105cych.<strong><br \/>\n<\/strong><\/p>\n<p><strong>Zaj\u0119cia przewidziane w ramach realizacji projektu to:<\/strong><\/p>\n<p>&#8211;\u00a0 warsztaty z psychologiem,<\/p>\n<p>&#8211;\u00a0 zaj\u0119cia z doradztwa zawodowego, warsztaty aktywnego poszukiwania pracy,<\/p>\n<p>&#8211; kursy zawodowe,<\/p>\n<p>&#8211; kurs prawa jazdy,<\/p>\n<p>&#8211; kurs przedsi\u0119biorczo\u015bci,<\/p>\n<p>&#8211; kurs komputerowy o standardzie ECDL lub r\u00f3wnowa\u017cny,<\/p>\n<p>&#8211; 3-miesi\u0119czne sta\u017ce zawodowe.<\/p>\n<p>Wszystkich zainteresowanych udzia\u0142em\u00a0 w projekcie zapraszamy do: Centrum Kszta\u0142cenia i Wychowania OHP w Tarnowie ul. Mo\u015bcickiego 27, 33-100 Tarn\u00f3w w godzinach 8.00-15.30 (osoba do kontakt\u00f3w p. Agata Stus).<\/p>\n<p><em>\u201eOd szkolenia do zatrudnienia\u00a0 \u2013 YEI\u201d<br \/>\nProjekt realizowany w ramach Inicjatywy na rzecz zatrudnienia ludzi m\u0142odych.<\/em><\/p>\n<p><strong>Dokumenty do pobrania: <img loading=\"lazy\" decoding=\"async\" class=\"alignnone wp-image-2261\" src=\"https:\/\/ckiw-tarnow.ohp.pl\/wp-content\/uploads\/2016\/05\/images.jpg\" alt=\"\" width=\"28\" height=\"27\" \/><\/strong><\/p>\n<p><a href=\"https:\/\/ckiw-tarnow.ohp.pl\/wp-content\/uploads\/2017\/09\/Za\u0142.-7-Regulamin-uczestnictwa-w-projekcie-OSDZ-YEI.doc\">Regulamin uczestnictwa w projekcie<br \/>\n<\/a><a href=\"https:\/\/ckiw-tarnow.ohp.pl\/wp-content\/uploads\/2017\/09\/Za\u0142.-4-Deklaracja-uczestnictwa-zg\u0142oszenie-OSDZ-YEI.docx\">Deklaracja uczestnictwa zg\u0142oszenie<br \/>\n<\/a><a href=\"https:\/\/ckiw-tarnow.ohp.pl\/wp-content\/uploads\/2017\/09\/Za\u0142.-5-Kwestionariusz-ufw-OSDZ-YEI.docx\">Kwestionariusz<\/a><\/p>\n<p>&nbsp;<\/p>\n<p><img loading=\"lazy\" decoding=\"async\" class=\"aligncenter size-full wp-image-3526\" src=\"https:\/\/ckiw-tarnow.ohp.pl\/wp-content\/uploads\/2017\/09\/logo_1.jpg\" alt=\"\" width=\"652\" height=\"212\" \/><\/p>\n","protected":false},"excerpt":{"rendered":"<p>W Centrum Kszta\u0142cenia i Wychowania OHP w Tarnowie ruszy\u0142 nab\u00f3r do projektu pt. \u201eOd szkolenia do zatrudnienia- YEI\u201d. Projekt ten skierowany jest do os\u00f3b biernych zawodowo, nieucz\u0105cych si\u0119 i nieszkol\u0105cych w wieku 18-24 lata (uko\u0144czony 18 r. \u017c. i nie uko\u0144czony 25 r. \u017c.). Wsparcie OHP adresowane jest przede wszystkim\u00a0 do m\u0142odzie\u017cy pozostaj\u0105cej bez zatrudnienia, [&hellip;]<\/p>\n","protected":false},"author":1,"featured_media":0,"comment_status":"closed","ping_status":"closed","sticky":false,"template":"","format":"standard","meta":{"footnotes":""},"categories":[2,3,7,8],"tags":[],"class_list":["post-3521","post","type-post","status-publish","format-standard","hentry","category-aktualnosci","category-komunikaty","category-projekty_ue","category-w_realizacji"],"_links":{"self":[{"href":"https:\/\/ckiw-tarnow.ohp.pl\/index.php\/wp-json\/wp\/v2\/posts\/3521","targetHints":{"allow":["GET"]}}],"collection":[{"href":"https:\/\/ckiw-tarnow.ohp.pl\/index.php\/wp-json\/wp\/v2\/posts"}],"about":[{"href":"https:\/\/ckiw-tarnow.ohp.pl\/index.php\/wp-json\/wp\/v2\/types\/post"}],"author":[{"embeddable":true,"href":"https:\/\/ckiw-tarnow.ohp.pl\/index.php\/wp-json\/wp\/v2\/users\/1"}],"replies":[{"embeddable":true,"href":"https:\/\/ckiw-tarnow.ohp.pl\/index.php\/wp-json\/wp\/v2\/comments?post=3521"}],"version-history":[{"count":6,"href":"https:\/\/ckiw-tarnow.ohp.pl\/index.php\/wp-json\/wp\/v2\/posts\/3521\/revisions"}],"predecessor-version":[{"id":3639,"href":"https:\/\/ckiw-tarnow.ohp.pl\/index.php\/wp-json\/wp\/v2\/posts\/3521\/revisions\/3639"}],"wp:attachment":[{"href":"https:\/\/ckiw-tarnow.ohp.pl\/index.php\/wp-json\/wp\/v2\/media?parent=3521"}],"wp:term":[{"taxonomy":"category","embeddable":true,"href":"https:\/\/ckiw-tarnow.ohp.pl\/index.php\/wp-json\/wp\/v2\/categories?post=3521"},{"taxonomy":"post_tag","embeddable":true,"href":"https:\/\/ckiw-tarnow.ohp.pl\/index.php\/wp-json\/wp\/v2\/tags?post=3521"}],"curies":[{"name":"wp","href":"https:\/\/api.w.org\/{rel}","templated":true}]}}