{"id":3575,"date":"2017-09-29T07:36:43","date_gmt":"2017-09-29T05:36:43","guid":{"rendered":"http:\/\/ckiw-tarnow.ohp.pl\/beta\/?p=3575"},"modified":"2017-10-02T12:43:24","modified_gmt":"2017-10-02T10:43:24","slug":"przygotowania-do-srogiej-zimy","status":"publish","type":"post","link":"https:\/\/ckiw-tarnow.ohp.pl\/index.php\/2017\/09\/29\/przygotowania-do-srogiej-zimy\/","title":{"rendered":"Przygotowania do srogiej zimy"},"content":{"rendered":"<p>Cz\u0142onkowie Ko\u0142a Ekologicznego dzia\u0142aj\u0105cego przy Centrum Kszta\u0142cenia i Wychowania Ochotniczych Hufc\u00f3w Pracy w Tarnowie\u00a0 przekazali dla potrzeb zwierz\u0105t w Tarnowie wycofane z u\u017cytku tarnowskiego Centrum elementy po\u015bcieli: koce, ko\u0142dry, poduszki.<\/p>\n<p>\u2013 Na pewno zwierz\u0119tom b\u0119dzie \u0142atwiej przetrwa\u0107 mro\u017an\u0105 zim\u0119 \u2013 m\u00f3wi Adam Fecko, jeden z uczestnik\u00f3w przedsi\u0119wzi\u0119cia.<\/p>\n<p>Mamy nadziej\u0119, \u017ce czworono\u017cni milusi\u0144scy b\u0119d\u0105 zadowoleni z ciep\u0142ych prezent\u00f3w.<\/p>\n<p><img loading=\"lazy\" decoding=\"async\" class=\"aligncenter size-full wp-image-3576\" src=\"https:\/\/ckiw-tarnow.ohp.pl\/wp-content\/uploads\/2017\/10\/IMG_6861.jpg\" alt=\"\" width=\"5184\" height=\"3456\" \/> <img loading=\"lazy\" decoding=\"async\" class=\"aligncenter size-full wp-image-3577\" src=\"https:\/\/ckiw-tarnow.ohp.pl\/wp-content\/uploads\/2017\/10\/IMG_6849.jpg\" alt=\"\" width=\"5184\" height=\"3456\" \/> <img loading=\"lazy\" decoding=\"async\" class=\"aligncenter size-full wp-image-3578\" src=\"https:\/\/ckiw-tarnow.ohp.pl\/wp-content\/uploads\/2017\/10\/IMG_6859.jpg\" alt=\"\" width=\"5184\" height=\"3456\" \/><\/p>\n","protected":false},"excerpt":{"rendered":"<p>Cz\u0142onkowie Ko\u0142a Ekologicznego dzia\u0142aj\u0105cego przy Centrum Kszta\u0142cenia i Wychowania Ochotniczych Hufc\u00f3w Pracy w Tarnowie\u00a0 przekazali dla potrzeb zwierz\u0105t w Tarnowie wycofane z u\u017cytku tarnowskiego Centrum elementy po\u015bcieli: koce, ko\u0142dry, poduszki. \u2013 Na pewno zwierz\u0119tom b\u0119dzie \u0142atwiej przetrwa\u0107 mro\u017an\u0105 zim\u0119 \u2013 m\u00f3wi Adam Fecko, jeden z uczestnik\u00f3w przedsi\u0119wzi\u0119cia. Mamy nadziej\u0119, \u017ce czworono\u017cni milusi\u0144scy b\u0119d\u0105 zadowoleni z [&hellip;]<\/p>\n","protected":false},"author":1,"featured_media":0,"comment_status":"closed","ping_status":"closed","sticky":false,"template":"","format":"standard","meta":{"footnotes":""},"categories":[2],"tags":[],"class_list":["post-3575","post","type-post","status-publish","format-standard","hentry","category-aktualnosci"],"_links":{"self":[{"href":"https:\/\/ckiw-tarnow.ohp.pl\/index.php\/wp-json\/wp\/v2\/posts\/3575","targetHints":{"allow":["GET"]}}],"collection":[{"href":"https:\/\/ckiw-tarnow.ohp.pl\/index.php\/wp-json\/wp\/v2\/posts"}],"about":[{"href":"https:\/\/ckiw-tarnow.ohp.pl\/index.php\/wp-json\/wp\/v2\/types\/post"}],"author":[{"embeddable":true,"href":"https:\/\/ckiw-tarnow.ohp.pl\/index.php\/wp-json\/wp\/v2\/users\/1"}],"replies":[{"embeddable":true,"href":"https:\/\/ckiw-tarnow.ohp.pl\/index.php\/wp-json\/wp\/v2\/comments?post=3575"}],"version-history":[{"count":2,"href":"https:\/\/ckiw-tarnow.ohp.pl\/index.php\/wp-json\/wp\/v2\/posts\/3575\/revisions"}],"predecessor-version":[{"id":3595,"href":"https:\/\/ckiw-tarnow.ohp.pl\/index.php\/wp-json\/wp\/v2\/posts\/3575\/revisions\/3595"}],"wp:attachment":[{"href":"https:\/\/ckiw-tarnow.ohp.pl\/index.php\/wp-json\/wp\/v2\/media?parent=3575"}],"wp:term":[{"taxonomy":"category","embeddable":true,"href":"https:\/\/ckiw-tarnow.ohp.pl\/index.php\/wp-json\/wp\/v2\/categories?post=3575"},{"taxonomy":"post_tag","embeddable":true,"href":"https:\/\/ckiw-tarnow.ohp.pl\/index.php\/wp-json\/wp\/v2\/tags?post=3575"}],"curies":[{"name":"wp","href":"https:\/\/api.w.org\/{rel}","templated":true}]}}