{"id":36,"date":"2016-04-28T14:32:22","date_gmt":"2016-04-28T12:32:22","guid":{"rendered":"http:\/\/ckiw-tarnow.ohp.pl\/beta\/?p=36"},"modified":"2016-04-28T14:32:22","modified_gmt":"2016-04-28T12:32:22","slug":"akademia-z-okazji-uczczenia-swieta-konstytucji-3-maja","status":"publish","type":"post","link":"https:\/\/ckiw-tarnow.ohp.pl\/index.php\/2016\/04\/28\/akademia-z-okazji-uczczenia-swieta-konstytucji-3-maja\/","title":{"rendered":"Akademia z okazji uczczenia \u015awi\u0119ta Konstytucji 3 Maja"},"content":{"rendered":"<p style=\"text-align: right;\">&#8222;Dniu Trzeci Maja, dniu nam \u015bwi\u0119ty,<br \/>\nHo\u0142d ci nale\u017cy nie\u015b\u0107, cho\u0107 dzi\u015b narodu cel wytkni\u0119ty,<br \/>\nPami\u0119ci twojej cze\u015b\u0107!&#8221;<span class=\"text_exposed_show\"><br \/>\nW. Dalewska<\/span><\/p>\n<div class=\"text_exposed_show\">\n<p>W dniu 28.04.2016 r. w CKiW OHP w Tarnowie odby\u0142a si\u0119 akademia z okazji 225 Rocznicy uchwalenia Konstytucji 3 Maja.<\/p>\n<p>Dla upami\u0119tnienia tego wa\u017cnego dla Polak\u00f3w wydarzenia, uczniowie Centrum Kszta\u0142cenia i Wychowania OHP w Tarnowie oraz Zespo\u0142u Szk\u00f3\u0142 Niepublicznych w Tarnowie przygotowali program przypominaj\u0105cy o istocie i wadze tego \u015bwi\u0119ta, \u00f3wczesnych nastrojach spo\u0142ecznych, postaw\u0119 sprzymierze\u0144c\u00f3w i przeciwnik\u00f3w konstytucji. Ca\u0142o\u015b\u0107 przygotowanego repertuaru wzbogacona zosta\u0142a fragmentami utwor\u00f3w muzycznych oraz utwor\u00f3w poetyckich, m.in. Jana Pietrzaka &#8211; &#8222;\u017beby Polska by\u0142a Polsk\u0105&#8221;, Marii Konopnickiej &#8211; &#8222;Rota&#8221;.<\/p>\n<\/div>\n","protected":false},"excerpt":{"rendered":"<p>&#8222;Dniu Trzeci Maja, dniu nam \u015bwi\u0119ty, Ho\u0142d ci nale\u017cy nie\u015b\u0107, cho\u0107 dzi\u015b narodu cel wytkni\u0119ty, Pami\u0119ci twojej cze\u015b\u0107!&#8221; W. Dalewska W dniu 28.04.2016 r. w CKiW OHP w Tarnowie odby\u0142a si\u0119 akademia z okazji 225 Rocznicy uchwalenia Konstytucji 3 Maja. Dla upami\u0119tnienia tego wa\u017cnego dla Polak\u00f3w wydarzenia, uczniowie Centrum Kszta\u0142cenia i Wychowania OHP w Tarnowie [&hellip;]<\/p>\n","protected":false},"author":1,"featured_media":0,"comment_status":"closed","ping_status":"open","sticky":false,"template":"","format":"standard","meta":{"footnotes":""},"categories":[2],"tags":[],"class_list":["post-36","post","type-post","status-publish","format-standard","hentry","category-aktualnosci"],"_links":{"self":[{"href":"https:\/\/ckiw-tarnow.ohp.pl\/index.php\/wp-json\/wp\/v2\/posts\/36","targetHints":{"allow":["GET"]}}],"collection":[{"href":"https:\/\/ckiw-tarnow.ohp.pl\/index.php\/wp-json\/wp\/v2\/posts"}],"about":[{"href":"https:\/\/ckiw-tarnow.ohp.pl\/index.php\/wp-json\/wp\/v2\/types\/post"}],"author":[{"embeddable":true,"href":"https:\/\/ckiw-tarnow.ohp.pl\/index.php\/wp-json\/wp\/v2\/users\/1"}],"replies":[{"embeddable":true,"href":"https:\/\/ckiw-tarnow.ohp.pl\/index.php\/wp-json\/wp\/v2\/comments?post=36"}],"version-history":[{"count":1,"href":"https:\/\/ckiw-tarnow.ohp.pl\/index.php\/wp-json\/wp\/v2\/posts\/36\/revisions"}],"predecessor-version":[{"id":38,"href":"https:\/\/ckiw-tarnow.ohp.pl\/index.php\/wp-json\/wp\/v2\/posts\/36\/revisions\/38"}],"wp:attachment":[{"href":"https:\/\/ckiw-tarnow.ohp.pl\/index.php\/wp-json\/wp\/v2\/media?parent=36"}],"wp:term":[{"taxonomy":"category","embeddable":true,"href":"https:\/\/ckiw-tarnow.ohp.pl\/index.php\/wp-json\/wp\/v2\/categories?post=36"},{"taxonomy":"post_tag","embeddable":true,"href":"https:\/\/ckiw-tarnow.ohp.pl\/index.php\/wp-json\/wp\/v2\/tags?post=36"}],"curies":[{"name":"wp","href":"https:\/\/api.w.org\/{rel}","templated":true}]}}