{"id":4187,"date":"2017-12-18T07:32:10","date_gmt":"2017-12-18T06:32:10","guid":{"rendered":"http:\/\/ckiw-tarnow.ohp.pl\/beta\/?p=4187"},"modified":"2017-12-18T07:35:08","modified_gmt":"2017-12-18T06:35:08","slug":"vii-przeglad-koled-i-pastoralek-uczestnikow-ohp-wojewodztwa-malopolskiego","status":"publish","type":"post","link":"https:\/\/ckiw-tarnow.ohp.pl\/index.php\/2017\/12\/18\/vii-przeglad-koled-i-pastoralek-uczestnikow-ohp-wojewodztwa-malopolskiego\/","title":{"rendered":"VII Przegl\u0105d Kol\u0119d i Pastora\u0142ek Uczestnik\u00f3w OHP Wojew\u00f3dztwa Ma\u0142opolskiego"},"content":{"rendered":"<p>16 grudnia 2017 r., uczestniczki Centrum Kszta\u0142cenia i Wychowania OHP w Tarnowie w sk\u0142adzie <strong><em>Kinga<\/em><\/strong> <strong><em>\u015awi\u0105tek<\/em><\/strong> i <strong><em>Patrycja<\/em><\/strong> <strong><em>Wielgus<\/em><\/strong>, wzi\u0119\u0142y udzia\u0142 w VII Przegl\u0105dzie Kol\u0119d i Pastora\u0142ek. Organizatorem przegl\u0105du by\u0142a Ma\u0142opolska Wojew\u00f3dzka Komenda OHP w Krakowie wraz z 6-36 Hufcem Pracy w Skomielnej Bia\u0142ej.<\/p>\n<p>W tegorocznym przegl\u0105dzie Kol\u0119d i Pastora\u0142ek wzi\u0119\u0142o udzia\u0142 37 uczestnik\u00f3w z 16 jednostek Ochotniczych Hufc\u00f3w Pracy Wojew\u00f3dztwa Ma\u0142opolskiego. Wszyscy uczestnicy otrzymali pami\u0105tkowe dyplomy oraz pami\u0105tk\u0119 regionaln\u0105. Celem organizowania przegl\u0105du jest ch\u0119\u0107 piel\u0119gnowania naszej kultury i tradycji.<\/p>\n<p>Po wr\u0119czeniu uczestnikom dyplom\u00f3w, nagr\u00f3d oraz statuetek wszyscy zebrani wys\u0142uchali wyr\u00f3\u017cnionych kol\u0119d.<\/p>\n<p>Podsumowaniem VII Przegl\u0105du Kol\u0119d i Pastora\u0142ek Uczestnik\u00f3w OHP Wojew\u00f3dztwa \u00a0Ma\u0142opolskiego by\u0142 wyst\u0119p Zespo\u0142u Regionalnego <strong><em>Korpio\u0142ki<\/em><\/strong> ze Skomielnej Bia\u0142ej, kt\u00f3ry wprowadzi\u0142 w nastr\u00f3j\u00a0 zbli\u017caj\u0105cych si\u0119 \u015awi\u0105t Bo\u017cego Narodzenia.<\/p>\n<p>Naszym uczestniczkom serdecznie gratulujemy wspania\u0142ego wyst\u0119pu!<\/p>\n<p><a href=\"https:\/\/ckiw-tarnow.ohp.pl\/wp-content\/uploads\/2017\/12\/DSCN2261.jpg\"><img loading=\"lazy\" decoding=\"async\" class=\"aligncenter size-full wp-image-4191\" src=\"https:\/\/ckiw-tarnow.ohp.pl\/wp-content\/uploads\/2017\/12\/DSCN2261.jpg\" alt=\"\" width=\"4000\" height=\"3000\" \/><\/a> <a href=\"https:\/\/ckiw-tarnow.ohp.pl\/wp-content\/uploads\/2017\/12\/DSCN2275.jpg\"><img loading=\"lazy\" decoding=\"async\" class=\"aligncenter size-full wp-image-4192\" src=\"https:\/\/ckiw-tarnow.ohp.pl\/wp-content\/uploads\/2017\/12\/DSCN2275.jpg\" alt=\"\" width=\"4000\" height=\"3000\" \/><\/a> <a href=\"https:\/\/ckiw-tarnow.ohp.pl\/wp-content\/uploads\/2017\/12\/DSCN2290.jpg\"><img loading=\"lazy\" decoding=\"async\" class=\"aligncenter size-full wp-image-4193\" src=\"https:\/\/ckiw-tarnow.ohp.pl\/wp-content\/uploads\/2017\/12\/DSCN2290.jpg\" alt=\"\" width=\"3000\" height=\"4000\" \/><\/a><\/p>\n","protected":false},"excerpt":{"rendered":"<p>16 grudnia 2017 r., uczestniczki Centrum Kszta\u0142cenia i Wychowania OHP w Tarnowie w sk\u0142adzie Kinga \u015awi\u0105tek i Patrycja Wielgus, wzi\u0119\u0142y udzia\u0142 w VII Przegl\u0105dzie Kol\u0119d i Pastora\u0142ek. Organizatorem przegl\u0105du by\u0142a Ma\u0142opolska Wojew\u00f3dzka Komenda OHP w Krakowie wraz z 6-36 Hufcem Pracy w Skomielnej Bia\u0142ej. W tegorocznym przegl\u0105dzie Kol\u0119d i Pastora\u0142ek wzi\u0119\u0142o udzia\u0142 37 uczestnik\u00f3w z [&hellip;]<\/p>\n","protected":false},"author":1,"featured_media":0,"comment_status":"closed","ping_status":"closed","sticky":false,"template":"","format":"standard","meta":{"footnotes":""},"categories":[2],"tags":[],"class_list":["post-4187","post","type-post","status-publish","format-standard","hentry","category-aktualnosci"],"_links":{"self":[{"href":"https:\/\/ckiw-tarnow.ohp.pl\/index.php\/wp-json\/wp\/v2\/posts\/4187","targetHints":{"allow":["GET"]}}],"collection":[{"href":"https:\/\/ckiw-tarnow.ohp.pl\/index.php\/wp-json\/wp\/v2\/posts"}],"about":[{"href":"https:\/\/ckiw-tarnow.ohp.pl\/index.php\/wp-json\/wp\/v2\/types\/post"}],"author":[{"embeddable":true,"href":"https:\/\/ckiw-tarnow.ohp.pl\/index.php\/wp-json\/wp\/v2\/users\/1"}],"replies":[{"embeddable":true,"href":"https:\/\/ckiw-tarnow.ohp.pl\/index.php\/wp-json\/wp\/v2\/comments?post=4187"}],"version-history":[{"count":3,"href":"https:\/\/ckiw-tarnow.ohp.pl\/index.php\/wp-json\/wp\/v2\/posts\/4187\/revisions"}],"predecessor-version":[{"id":4194,"href":"https:\/\/ckiw-tarnow.ohp.pl\/index.php\/wp-json\/wp\/v2\/posts\/4187\/revisions\/4194"}],"wp:attachment":[{"href":"https:\/\/ckiw-tarnow.ohp.pl\/index.php\/wp-json\/wp\/v2\/media?parent=4187"}],"wp:term":[{"taxonomy":"category","embeddable":true,"href":"https:\/\/ckiw-tarnow.ohp.pl\/index.php\/wp-json\/wp\/v2\/categories?post=4187"},{"taxonomy":"post_tag","embeddable":true,"href":"https:\/\/ckiw-tarnow.ohp.pl\/index.php\/wp-json\/wp\/v2\/tags?post=4187"}],"curies":[{"name":"wp","href":"https:\/\/api.w.org\/{rel}","templated":true}]}}