{"id":4372,"date":"2018-01-25T10:40:33","date_gmt":"2018-01-25T09:40:33","guid":{"rendered":"http:\/\/ckiw-tarnow.ohp.pl\/beta\/?p=4372"},"modified":"2018-03-09T09:51:37","modified_gmt":"2018-03-09T08:51:37","slug":"zakonczenie-zajec-z-doradca-zawodowym","status":"publish","type":"post","link":"https:\/\/ckiw-tarnow.ohp.pl\/index.php\/2018\/01\/25\/zakonczenie-zajec-z-doradca-zawodowym\/","title":{"rendered":"Zako\u0144czenie zaj\u0119\u0107 z doradc\u0105 zawodowym"},"content":{"rendered":"<p>W miesi\u0105cu styczniu zako\u0144czy\u0142y si\u0119 zaj\u0119cia z grupowe z doradc\u0105 zawodowym dla uczestnik\u00f3w projektu \u201eOd szkolenia do zatrudnienia-YEI\u201d. Zaj\u0119cia prowadzi\u0142a Pani Monika Gospodarek-Strojny \u2013 doradca zawodowy Mobilnego Centrum Informacji Zawodowej w Tarnowie. Warsztaty obejmowa\u0142y zagadnienia takie jak: metody aktywnego poszukiwania pracy, rynek pracy, autoprezentacja, przygotowanie do rozmowy kwalifikacyjnej. M\u0142odzie\u017c bardzo ch\u0119tnie uczestniczy\u0142a w zaj\u0119ciach, kolejnym wsparciem z kt\u00f3rego m\u0142odzie\u017c skorzysta b\u0119d\u0105 zaj\u0119cia grupowe i indywidualne z psychologiem. Wsparciem w ramach projektu\u00a0 obj\u0119ta jest\u00a0 m\u0142odzie\u017c\u00a0 pozostaj\u0105ca bez zatrudnienia, nieucz\u0105ca si\u0119 i nieszkol\u0105ca w wieku 18-24 lat. Udzia\u0142 w projekcie jest ca\u0142kowicie bezp\u0142atny, beneficjentom przys\u0142uguje wy\u017cywienie podczas zaj\u0119\u0107 oraz zwrot koszt\u00f3w dojazdu.<\/p>\n<p><img loading=\"lazy\" decoding=\"async\" class=\"wp-image-4634 aligncenter\" src=\"https:\/\/ckiw-tarnow.ohp.pl\/wp-content\/uploads\/2018\/03\/Logo-UE-300x67.jpg\" alt=\"\" width=\"475\" height=\"106\" \/><\/p>\n<p><img loading=\"lazy\" decoding=\"async\" class=\"alignnone size-medium wp-image-4374\" src=\"https:\/\/ckiw-tarnow.ohp.pl\/wp-content\/uploads\/2018\/01\/Doradca-169x300.jpg\" alt=\"\" width=\"169\" height=\"300\" \/><\/p>\n<p>&nbsp;<\/p>\n","protected":false},"excerpt":{"rendered":"<p>W miesi\u0105cu styczniu zako\u0144czy\u0142y si\u0119 zaj\u0119cia z grupowe z doradc\u0105 zawodowym dla uczestnik\u00f3w projektu \u201eOd szkolenia do zatrudnienia-YEI\u201d. Zaj\u0119cia prowadzi\u0142a Pani Monika Gospodarek-Strojny \u2013 doradca zawodowy Mobilnego Centrum Informacji Zawodowej w Tarnowie. Warsztaty obejmowa\u0142y zagadnienia takie jak: metody aktywnego poszukiwania pracy, rynek pracy, autoprezentacja, przygotowanie do rozmowy kwalifikacyjnej. M\u0142odzie\u017c bardzo ch\u0119tnie uczestniczy\u0142a w zaj\u0119ciach, kolejnym [&hellip;]<\/p>\n","protected":false},"author":5,"featured_media":0,"comment_status":"closed","ping_status":"closed","sticky":false,"template":"","format":"standard","meta":{"footnotes":""},"categories":[7,8],"tags":[],"class_list":["post-4372","post","type-post","status-publish","format-standard","hentry","category-projekty_ue","category-w_realizacji"],"_links":{"self":[{"href":"https:\/\/ckiw-tarnow.ohp.pl\/index.php\/wp-json\/wp\/v2\/posts\/4372","targetHints":{"allow":["GET"]}}],"collection":[{"href":"https:\/\/ckiw-tarnow.ohp.pl\/index.php\/wp-json\/wp\/v2\/posts"}],"about":[{"href":"https:\/\/ckiw-tarnow.ohp.pl\/index.php\/wp-json\/wp\/v2\/types\/post"}],"author":[{"embeddable":true,"href":"https:\/\/ckiw-tarnow.ohp.pl\/index.php\/wp-json\/wp\/v2\/users\/5"}],"replies":[{"embeddable":true,"href":"https:\/\/ckiw-tarnow.ohp.pl\/index.php\/wp-json\/wp\/v2\/comments?post=4372"}],"version-history":[{"count":5,"href":"https:\/\/ckiw-tarnow.ohp.pl\/index.php\/wp-json\/wp\/v2\/posts\/4372\/revisions"}],"predecessor-version":[{"id":4644,"href":"https:\/\/ckiw-tarnow.ohp.pl\/index.php\/wp-json\/wp\/v2\/posts\/4372\/revisions\/4644"}],"wp:attachment":[{"href":"https:\/\/ckiw-tarnow.ohp.pl\/index.php\/wp-json\/wp\/v2\/media?parent=4372"}],"wp:term":[{"taxonomy":"category","embeddable":true,"href":"https:\/\/ckiw-tarnow.ohp.pl\/index.php\/wp-json\/wp\/v2\/categories?post=4372"},{"taxonomy":"post_tag","embeddable":true,"href":"https:\/\/ckiw-tarnow.ohp.pl\/index.php\/wp-json\/wp\/v2\/tags?post=4372"}],"curies":[{"name":"wp","href":"https:\/\/api.w.org\/{rel}","templated":true}]}}