{"id":4934,"date":"2018-04-10T11:20:59","date_gmt":"2018-04-10T09:20:59","guid":{"rendered":"http:\/\/ckiw-tarnow.ohp.pl\/beta\/?p=4934"},"modified":"2018-04-10T11:20:59","modified_gmt":"2018-04-10T09:20:59","slug":"xv-targi-edukacyjne-w-ckiw-ohp-w-tarnowie","status":"publish","type":"post","link":"https:\/\/ckiw-tarnow.ohp.pl\/index.php\/2018\/04\/10\/xv-targi-edukacyjne-w-ckiw-ohp-w-tarnowie\/","title":{"rendered":"XV Targi Edukacyjne w CKiW OHP w Tarnowie"},"content":{"rendered":"<p>W dniach 11-12 kwietnia 2018r. w Centrum Kszta\u0142cenia i Wychowania OHP w Tarnowie\u00a0 b\u0119d\u0105 odbywa\u0107 si\u0119 XV Miejskie Targi Edukacyjne.<\/p>\n<p>Prezentacja oferty tarnowskich szk\u00f3\u0142 ponadgimnazjalnych i instytucji wspomagaj\u0105cych edukacj\u0119 to g\u0142\u00f3wne za\u0142o\u017cenia XV Miejskich Targ\u00f3w. Gie\u0142da wiedzy o szko\u0142ach \u015brednich odb\u0119dzie si\u0119 11 i 12 kwietnia w godzinach 10.00 \u2013 15.00 (\u015broda) i 10.00 \u2013 14.00 (czwartek) w siedzibie Ochotniczych Hufc\u00f3w Pracy przy ul. Mo\u015bcickiego 27.<\/p>\n<p>Uczniowie wraz z rodzicami i nauczycielami b\u0119d\u0105 mogli zapozna\u0107 si\u0119 z propozycjami kierunk\u00f3w kszta\u0142cenia szk\u00f3\u0142 ponadgimnazjalnych z terenu miasta Tarnowa. W programie targ\u00f3w znajduj\u0105 si\u0119 r\u00f3wnie\u017c indywidualne porady i konsultacje udzielane przez doradc\u00f3w zawodowych.<\/p>\n<p>G\u0142\u00f3wnym organizatorem XV Miejskich Targ\u00f3w Edukacyjnych jest Centrum Edukacji i Pracy M\u0142odzie\u017cy w Tarnowie przy wsp\u00f3\u0142pracy z Centrum Kszta\u0142cenia i Wychowania Ochotniczych Hufc\u00f3w Pracy oraz Urz\u0119dem Miasta Tarnowa.<\/p>\n","protected":false},"excerpt":{"rendered":"<p>W dniach 11-12 kwietnia 2018r. w Centrum Kszta\u0142cenia i Wychowania OHP w Tarnowie\u00a0 b\u0119d\u0105 odbywa\u0107 si\u0119 XV Miejskie Targi Edukacyjne. Prezentacja oferty tarnowskich szk\u00f3\u0142 ponadgimnazjalnych i instytucji wspomagaj\u0105cych edukacj\u0119 to g\u0142\u00f3wne za\u0142o\u017cenia XV Miejskich Targ\u00f3w. Gie\u0142da wiedzy o szko\u0142ach \u015brednich odb\u0119dzie si\u0119 11 i 12 kwietnia w godzinach 10.00 \u2013 15.00 (\u015broda) i 10.00 \u2013 [&hellip;]<\/p>\n","protected":false},"author":5,"featured_media":0,"comment_status":"closed","ping_status":"closed","sticky":false,"template":"","format":"standard","meta":{"footnotes":""},"categories":[2],"tags":[],"class_list":["post-4934","post","type-post","status-publish","format-standard","hentry","category-aktualnosci"],"_links":{"self":[{"href":"https:\/\/ckiw-tarnow.ohp.pl\/index.php\/wp-json\/wp\/v2\/posts\/4934","targetHints":{"allow":["GET"]}}],"collection":[{"href":"https:\/\/ckiw-tarnow.ohp.pl\/index.php\/wp-json\/wp\/v2\/posts"}],"about":[{"href":"https:\/\/ckiw-tarnow.ohp.pl\/index.php\/wp-json\/wp\/v2\/types\/post"}],"author":[{"embeddable":true,"href":"https:\/\/ckiw-tarnow.ohp.pl\/index.php\/wp-json\/wp\/v2\/users\/5"}],"replies":[{"embeddable":true,"href":"https:\/\/ckiw-tarnow.ohp.pl\/index.php\/wp-json\/wp\/v2\/comments?post=4934"}],"version-history":[{"count":4,"href":"https:\/\/ckiw-tarnow.ohp.pl\/index.php\/wp-json\/wp\/v2\/posts\/4934\/revisions"}],"predecessor-version":[{"id":4938,"href":"https:\/\/ckiw-tarnow.ohp.pl\/index.php\/wp-json\/wp\/v2\/posts\/4934\/revisions\/4938"}],"wp:attachment":[{"href":"https:\/\/ckiw-tarnow.ohp.pl\/index.php\/wp-json\/wp\/v2\/media?parent=4934"}],"wp:term":[{"taxonomy":"category","embeddable":true,"href":"https:\/\/ckiw-tarnow.ohp.pl\/index.php\/wp-json\/wp\/v2\/categories?post=4934"},{"taxonomy":"post_tag","embeddable":true,"href":"https:\/\/ckiw-tarnow.ohp.pl\/index.php\/wp-json\/wp\/v2\/tags?post=4934"}],"curies":[{"name":"wp","href":"https:\/\/api.w.org\/{rel}","templated":true}]}}