{"id":5255,"date":"2018-05-02T09:06:58","date_gmt":"2018-05-02T07:06:58","guid":{"rendered":"http:\/\/ckiw-tarnow.ohp.pl\/beta\/?p=5255"},"modified":"2019-06-06T10:58:01","modified_gmt":"2019-06-06T08:58:01","slug":"zakonczenie-warsztatow-przygotowujacych-do-usamodzielnienia-sie-uczestnikow-w-ramach-projektu-od-szkolenia-do-zatrudnienia-yei","status":"publish","type":"post","link":"https:\/\/ckiw-tarnow.ohp.pl\/index.php\/2018\/05\/02\/zakonczenie-warsztatow-przygotowujacych-do-usamodzielnienia-sie-uczestnikow-w-ramach-projektu-od-szkolenia-do-zatrudnienia-yei\/","title":{"rendered":"Zako\u0144czenie warsztat\u00f3w przygotowuj\u0105cych do usamodzielnienia si\u0119 uczestnik\u00f3w w ramach projektu  \u201eOd szkolenia do zatrudnienia-YEI\u201d."},"content":{"rendered":"<p>W dniach 23 \u2013 26 kwietnia2018 roku w Centrum Kszta\u0142cenia i Wychowania OHP w Tarnowie odbywa\u0142y si\u0119 warsztaty przygotowuj\u0105ce do usamodzielnienia si\u0119 uczestnik\u00f3w w ramach projektu \u201eOd szkolenia do zatrudnienia-YEI\u201d.<\/p>\n<p>Warsztaty prowadzone by\u0142y przez Europejsk\u0105 Akademi\u0119 Handlu i Przedsi\u0119biorczo\u015bci z Janowca\u00a0 Wielkopolskiego. M\u0142odzie\u017c wzi\u0119\u0142a 0udzia\u0142 w czterech modu\u0142ach:<\/p>\n<ul>\n<li>\u00a0zarz\u0105dzanie domowym bud\u017cetem<\/li>\n<li>kontakty z instytucjami i urz\u0119dami publicznymi<\/li>\n<li>prawo pracy, podatki, ubezpieczenia spo\u0142eczne<\/li>\n<li>podstawy przedsi\u0119biorczo\u015bci.<\/li>\n<\/ul>\n<p>\u00a0<\/p>\n\n\n<figure class=\"wp-block-image\"><img loading=\"lazy\" decoding=\"async\" width=\"623\" height=\"140\" src=\"https:\/\/ckiw-tarnow.ohp.pl\/wp-content\/uploads\/2018\/07\/Logo-UE.jpg\" alt=\"\" class=\"wp-image-7793\" srcset=\"https:\/\/ckiw-tarnow.ohp.pl\/wp-content\/uploads\/2018\/07\/Logo-UE.jpg 623w, https:\/\/ckiw-tarnow.ohp.pl\/wp-content\/uploads\/2018\/07\/Logo-UE-300x67.jpg 300w\" sizes=\"auto, (max-width: 623px) 100vw, 623px\" \/><\/figure>\n","protected":false},"excerpt":{"rendered":"<p>W dniach 23 \u2013 26 kwietnia2018 roku w Centrum Kszta\u0142cenia i Wychowania OHP w Tarnowie odbywa\u0142y si\u0119 warsztaty przygotowuj\u0105ce do usamodzielnienia si\u0119 uczestnik\u00f3w w ramach projektu \u201eOd szkolenia do zatrudnienia-YEI\u201d. Warsztaty prowadzone by\u0142y przez Europejsk\u0105 Akademi\u0119 Handlu i Przedsi\u0119biorczo\u015bci z Janowca\u00a0 Wielkopolskiego. M\u0142odzie\u017c wzi\u0119\u0142a 0udzia\u0142 w czterech modu\u0142ach: \u00a0zarz\u0105dzanie domowym bud\u017cetem kontakty z instytucjami i [&hellip;]<\/p>\n","protected":false},"author":5,"featured_media":0,"comment_status":"closed","ping_status":"closed","sticky":false,"template":"","format":"standard","meta":{"footnotes":""},"categories":[2,7,9],"tags":[],"class_list":["post-5255","post","type-post","status-publish","format-standard","hentry","category-aktualnosci","category-projekty_ue","category-zrealizowane"],"_links":{"self":[{"href":"https:\/\/ckiw-tarnow.ohp.pl\/index.php\/wp-json\/wp\/v2\/posts\/5255","targetHints":{"allow":["GET"]}}],"collection":[{"href":"https:\/\/ckiw-tarnow.ohp.pl\/index.php\/wp-json\/wp\/v2\/posts"}],"about":[{"href":"https:\/\/ckiw-tarnow.ohp.pl\/index.php\/wp-json\/wp\/v2\/types\/post"}],"author":[{"embeddable":true,"href":"https:\/\/ckiw-tarnow.ohp.pl\/index.php\/wp-json\/wp\/v2\/users\/5"}],"replies":[{"embeddable":true,"href":"https:\/\/ckiw-tarnow.ohp.pl\/index.php\/wp-json\/wp\/v2\/comments?post=5255"}],"version-history":[{"count":5,"href":"https:\/\/ckiw-tarnow.ohp.pl\/index.php\/wp-json\/wp\/v2\/posts\/5255\/revisions"}],"predecessor-version":[{"id":7804,"href":"https:\/\/ckiw-tarnow.ohp.pl\/index.php\/wp-json\/wp\/v2\/posts\/5255\/revisions\/7804"}],"wp:attachment":[{"href":"https:\/\/ckiw-tarnow.ohp.pl\/index.php\/wp-json\/wp\/v2\/media?parent=5255"}],"wp:term":[{"taxonomy":"category","embeddable":true,"href":"https:\/\/ckiw-tarnow.ohp.pl\/index.php\/wp-json\/wp\/v2\/categories?post=5255"},{"taxonomy":"post_tag","embeddable":true,"href":"https:\/\/ckiw-tarnow.ohp.pl\/index.php\/wp-json\/wp\/v2\/tags?post=5255"}],"curies":[{"name":"wp","href":"https:\/\/api.w.org\/{rel}","templated":true}]}}