{"id":5325,"date":"2018-05-14T12:04:47","date_gmt":"2018-05-14T10:04:47","guid":{"rendered":"http:\/\/ckiw-tarnow.ohp.pl\/beta\/?p=5325"},"modified":"2018-05-14T12:04:47","modified_gmt":"2018-05-14T10:04:47","slug":"wycieczka-do-warszawy","status":"publish","type":"post","link":"https:\/\/ckiw-tarnow.ohp.pl\/index.php\/2018\/05\/14\/wycieczka-do-warszawy\/","title":{"rendered":"Wycieczka do Warszawy"},"content":{"rendered":"<p>W dniu 11 maja 2018 r. m\u0142odzie\u017c CKiW OHP w Tarnowie i tuchowskiego Liceum Og\u00f3lnokszta\u0142c\u0105cego wraz z opiekunami dzi\u0119ki zaproszeniu p. Pos\u0142a Micha\u0142a Wojtkiewicza wzi\u0119\u0142a udzia\u0142 w wycieczce autokarowej do Warszawy. Plan wycieczki by\u0142 napi\u0119ty, ale zarazem bardzo ciekawy.<br \/>\nPierwszym punktem by\u0142o zwiedzenie wybranych budynk\u00f3w sejmowych po\u0142\u0105czonego z wyk\u0142adem dotycz\u0105cego historii polskiego parlamentaryzmu oraz spotkanie z p. Pos\u0142em Micha\u0142em Wojtkiewiczem zako\u0144czonego obiadem w restauracji sejmowej.<br \/>\nNast\u0119pnym punktem wycieczki by\u0142o zwiedzanie Muzeum Wojska Polskiego, kt\u00f3re gromadzi opracowuje naukowo i eksponuje muzealia wojskowo- historyczne. W chwili obecnej w zbiorach muzealnych znajduje si\u0119 ponad 250 tys. eksponat\u00f3w. Zbiory wci\u0105\u017c powi\u0119kszaj\u0105 si\u0119 o nowe zakupy oraz liczne dary. Zgromadzone eksponaty prezentowane s\u0105 w salach ekspozycji sta\u0142ej i na licznych wystawach czasowych.<br \/>\nPo zako\u0144czeniu zwiedzania muzeum m\u0142odzie\u017c uda\u0142a si\u0119 na spacer po Warszawskiej Star\u00f3wce.<br \/>\nDla uczestnik\u00f3w wycieczki by\u0142a to wspania\u0142a lekcja historii, oraz mo\u017cliwo\u015b\u0107 sp\u0119dzenia czasu wolnego.<br \/>\nPanu Pos\u0142owi Micha\u0142owi Wojtkiewiczowi serdecznie dzi\u0119kujemy za zaproszenie do Sejmu oraz za mo\u017cliwo\u015b\u0107 zwiedzenia budynk\u00f3w sejmowych.<\/p>\n<p>&nbsp;<\/p>\n<p>[espro-slider id=5349]<\/p>\n","protected":false},"excerpt":{"rendered":"<p>W dniu 11 maja 2018 r. m\u0142odzie\u017c CKiW OHP w Tarnowie i tuchowskiego Liceum Og\u00f3lnokszta\u0142c\u0105cego wraz z opiekunami dzi\u0119ki zaproszeniu p. Pos\u0142a Micha\u0142a Wojtkiewicza wzi\u0119\u0142a udzia\u0142 w wycieczce autokarowej do Warszawy. Plan wycieczki by\u0142 napi\u0119ty, ale zarazem bardzo ciekawy. Pierwszym punktem by\u0142o zwiedzenie wybranych budynk\u00f3w sejmowych po\u0142\u0105czonego z wyk\u0142adem dotycz\u0105cego historii polskiego parlamentaryzmu oraz spotkanie [&hellip;]<\/p>\n","protected":false},"author":5,"featured_media":0,"comment_status":"closed","ping_status":"closed","sticky":false,"template":"","format":"standard","meta":{"footnotes":""},"categories":[2],"tags":[],"class_list":["post-5325","post","type-post","status-publish","format-standard","hentry","category-aktualnosci"],"_links":{"self":[{"href":"https:\/\/ckiw-tarnow.ohp.pl\/index.php\/wp-json\/wp\/v2\/posts\/5325","targetHints":{"allow":["GET"]}}],"collection":[{"href":"https:\/\/ckiw-tarnow.ohp.pl\/index.php\/wp-json\/wp\/v2\/posts"}],"about":[{"href":"https:\/\/ckiw-tarnow.ohp.pl\/index.php\/wp-json\/wp\/v2\/types\/post"}],"author":[{"embeddable":true,"href":"https:\/\/ckiw-tarnow.ohp.pl\/index.php\/wp-json\/wp\/v2\/users\/5"}],"replies":[{"embeddable":true,"href":"https:\/\/ckiw-tarnow.ohp.pl\/index.php\/wp-json\/wp\/v2\/comments?post=5325"}],"version-history":[{"count":7,"href":"https:\/\/ckiw-tarnow.ohp.pl\/index.php\/wp-json\/wp\/v2\/posts\/5325\/revisions"}],"predecessor-version":[{"id":5350,"href":"https:\/\/ckiw-tarnow.ohp.pl\/index.php\/wp-json\/wp\/v2\/posts\/5325\/revisions\/5350"}],"wp:attachment":[{"href":"https:\/\/ckiw-tarnow.ohp.pl\/index.php\/wp-json\/wp\/v2\/media?parent=5325"}],"wp:term":[{"taxonomy":"category","embeddable":true,"href":"https:\/\/ckiw-tarnow.ohp.pl\/index.php\/wp-json\/wp\/v2\/categories?post=5325"},{"taxonomy":"post_tag","embeddable":true,"href":"https:\/\/ckiw-tarnow.ohp.pl\/index.php\/wp-json\/wp\/v2\/tags?post=5325"}],"curies":[{"name":"wp","href":"https:\/\/api.w.org\/{rel}","templated":true}]}}