{"id":542,"date":"2016-07-04T09:25:42","date_gmt":"2016-07-04T07:25:42","guid":{"rendered":"http:\/\/ckiw-tarnow.ohp.pl\/beta\/?p=542"},"modified":"2016-07-04T10:21:22","modified_gmt":"2016-07-04T08:21:22","slug":"gratulacje-i-wyrazy-uznania","status":"publish","type":"post","link":"https:\/\/ckiw-tarnow.ohp.pl\/index.php\/2016\/07\/04\/gratulacje-i-wyrazy-uznania\/","title":{"rendered":"Gratulacje i wyrazy uznania!"},"content":{"rendered":"<p>W zwi\u0105zku z zaanga\u017cowaniem kadry wychowawczej i uczestnik\u00f3w CKiW OHP w Tarnowie w organizacj\u0119 pikniku z okazji Dnia Dziecka, kt\u00f3ry odby\u0142 si\u0119 5 czerwca w ogrodach kancelarii Prezesa Rady Ministr\u00f3w, Pani Renata Wicha \u2013 Zast\u0119pca Komendanta G\u0142\u00f3wnego Ochotniczych Hufc\u00f3w Pracy, na r\u0119ce Pana Dyrektora przekaza\u0142a podzi\u0119kowanie przes\u0142ane przez Pani\u0105 El\u017cbiet\u0119 Rafalsk\u0105 \u2013 Minister Rodziny, Pracy i Polityki Spo\u0142ecznej.<\/p>\n<p>[espro-slider id=303]<\/p>\n<p>W podzi\u0119kowaniu Pani Minister czytamy: \u201eS<span class=\"text_exposed_show\">erce, empatia oraz zaanga\u017cowanie z jakim podeszli Pa\u0144stwo do pracy spowodowa\u0142y, \u017ce dzieci doskonale bawi\u0142y si\u0119 na pikniku, ch\u0119tnie korzysta\u0142y z naszych atrakcji, a u\u015bmiech nie schodzi\u0142 z ich buzi.\u201d<\/span><\/p>\n<p>Do podzi\u0119kowa\u0144 do\u0142\u0105czy\u0142a Pani Komendant Wicha: \u201ePragn\u0119 z\u0142o\u017cy\u0107 na r\u0119ce Pana Dyrektora serdeczne gratulacje i wyrazy uznania dla kadry i m\u0142odzie\u017cy za kreatywno\u015b\u0107, zaanga\u017cowanie i profesjonalizm podczas realizowanych zaj\u0119\u0107 z dzie\u0107mi. Dzi\u0119ki pomys\u0142owo\u015bci i innowacyjno\u015bci kadry, najm\u0142odsi podczas pikniku mogli skorzysta\u0107 z wielu ciekawych zaj\u0119\u0107 i zabaw\u201d.<\/p>\n","protected":false},"excerpt":{"rendered":"<p>W zwi\u0105zku z zaanga\u017cowaniem kadry wychowawczej i uczestnik\u00f3w CKiW OHP w Tarnowie w organizacj\u0119 pikniku z okazji Dnia Dziecka, kt\u00f3ry odby\u0142 si\u0119 5 czerwca w ogrodach kancelarii Prezesa Rady Ministr\u00f3w, Pani Renata Wicha \u2013 Zast\u0119pca Komendanta G\u0142\u00f3wnego Ochotniczych Hufc\u00f3w Pracy, na r\u0119ce Pana Dyrektora przekaza\u0142a podzi\u0119kowanie przes\u0142ane przez Pani\u0105 El\u017cbiet\u0119 Rafalsk\u0105 \u2013 Minister Rodziny, Pracy [&hellip;]<\/p>\n","protected":false},"author":1,"featured_media":0,"comment_status":"closed","ping_status":"closed","sticky":false,"template":"","format":"standard","meta":{"footnotes":""},"categories":[2],"tags":[],"class_list":["post-542","post","type-post","status-publish","format-standard","hentry","category-aktualnosci"],"_links":{"self":[{"href":"https:\/\/ckiw-tarnow.ohp.pl\/index.php\/wp-json\/wp\/v2\/posts\/542","targetHints":{"allow":["GET"]}}],"collection":[{"href":"https:\/\/ckiw-tarnow.ohp.pl\/index.php\/wp-json\/wp\/v2\/posts"}],"about":[{"href":"https:\/\/ckiw-tarnow.ohp.pl\/index.php\/wp-json\/wp\/v2\/types\/post"}],"author":[{"embeddable":true,"href":"https:\/\/ckiw-tarnow.ohp.pl\/index.php\/wp-json\/wp\/v2\/users\/1"}],"replies":[{"embeddable":true,"href":"https:\/\/ckiw-tarnow.ohp.pl\/index.php\/wp-json\/wp\/v2\/comments?post=542"}],"version-history":[{"count":4,"href":"https:\/\/ckiw-tarnow.ohp.pl\/index.php\/wp-json\/wp\/v2\/posts\/542\/revisions"}],"predecessor-version":[{"id":547,"href":"https:\/\/ckiw-tarnow.ohp.pl\/index.php\/wp-json\/wp\/v2\/posts\/542\/revisions\/547"}],"wp:attachment":[{"href":"https:\/\/ckiw-tarnow.ohp.pl\/index.php\/wp-json\/wp\/v2\/media?parent=542"}],"wp:term":[{"taxonomy":"category","embeddable":true,"href":"https:\/\/ckiw-tarnow.ohp.pl\/index.php\/wp-json\/wp\/v2\/categories?post=542"},{"taxonomy":"post_tag","embeddable":true,"href":"https:\/\/ckiw-tarnow.ohp.pl\/index.php\/wp-json\/wp\/v2\/tags?post=542"}],"curies":[{"name":"wp","href":"https:\/\/api.w.org\/{rel}","templated":true}]}}