{"id":5458,"date":"2018-05-18T14:22:20","date_gmt":"2018-05-18T12:22:20","guid":{"rendered":"http:\/\/ckiw-tarnow.ohp.pl\/beta\/?p=5458"},"modified":"2018-09-21T11:06:47","modified_gmt":"2018-09-21T09:06:47","slug":"wymiana-miedzynarodowa-programu-erasmus-poznajmy-sie-mamy-tyle-wspolnego","status":"publish","type":"post","link":"https:\/\/ckiw-tarnow.ohp.pl\/index.php\/2018\/05\/18\/wymiana-miedzynarodowa-programu-erasmus-poznajmy-sie-mamy-tyle-wspolnego\/","title":{"rendered":"Wymiana mi\u0119dzynarodowa  programu Erasmus+ \u201dPoznajmy si\u0119 mamy tyle wsp\u00f3lnego\u201d"},"content":{"rendered":"<p>W dniach od 6 do 12 maja 2018r \u00a0w Zamo\u015bciu trwa\u0142a mi\u0119dzynarodowa wymiana m\u0142odzie\u017cy w ramach projektu \u201ePoznajmy si\u0119 mamy tyle wsp\u00f3lnego\u201d programu Erasmus+. Uczestniczy\u0142o w niej po 10 m\u0142odych os\u00f3b w wieku 15-19 lat i po 2 opiekun\u00f3w\u00a0 z Centrum Kszta\u0142cenia i Wychowania OHP w Tarnowie oraz z Ukrainy.<\/p>\n<p>G\u0142\u00f3wnym celem projektu by\u0142o poznanie kultury, tradycji i historii partnera.Dzia\u0142ania projektowe mia\u0142y na celu budow\u0119 dialogu mi\u0119dzykulturowego, nauk\u0119 tolerancji i otwarto\u015bci, podniesienie poziomu kluczowych kompetencji i umiej\u0119tno\u015bci w tym znajomo\u015b\u0107 j\u0119zyk\u00f3w obcych, wzrost kompetencji mi\u0119kkich takich jak umiej\u0119tno\u015b\u0107 wypowiadania si\u0119 i przekazywania wiedzy.<\/p>\n<p><img loading=\"lazy\" decoding=\"async\" class=\"alignnone size-medium wp-image-5484\" src=\"https:\/\/ckiw-tarnow.ohp.pl\/wp-content\/uploads\/2018\/05\/DSCN4216-1-300x225.jpg\" alt=\"\" width=\"300\" height=\"225\" \/><\/p>\n<p>Spotkanie m\u0142odzie\u017cy z Polski i Ukrainy rozpocz\u0119\u0142o si\u0119 od gier i zabaw integracyjnych, maj\u0105cych na celu pierwsze poznanie si\u0119. By\u0142 to czas zdobywania zaufania, prze\u0142amywania bariery j\u0119zykowej i budowania pozytywnego klimatu w grupie. Zosta\u0142 tak\u017ce przedstawiony szczeg\u00f3\u0142owy program wymiany a uczestnicy wsp\u00f3lnie ustalili zasady obowi\u0105zuj\u0105ce podczas pobytu.<\/p>\n<p>W kolejnych dniach podczas aktywnych wycieczek m\u0142odzie\u017c poznawa\u0142a Zamo\u015b\u0107, jego histori\u0119, pi\u0119kne zabytki a tak\u017ce zwyczaje, kt\u00f3re kiedy\u015b tu panowa\u0142y. Ciekaw\u0105 atrakcj\u0105, kt\u00f3ra da\u0142a mo\u017cliwo\u015b\u0107 poczu\u0107 klimat dawnej historii by\u0142 wystrza\u0142 z armaty, podziemny spacer przez fortyfikacj\u0119 zamojskiej twierdzy a tak\u017ce trasa w\u00a0 Podziemiach Oficyn Ratusza. By\u0142a to bardzo interesuj\u0105ca i ciekawa lekcja historii.<\/p>\n<p style=\"text-align: justify;\">Nast\u0119pnie uczestnicy wzi\u0119li udzia\u0142 w grze miejskiej. Otrzymali zadania do wykonania. Musieli min. sfotografowa\u0107 i dowiedzie\u0107 si\u0119 od mieszka\u0144c\u00f3w ciekawostek na temat ko\u015bcio\u0142\u00f3w, pomnik\u00f3w a tak\u017ce znale\u017a\u0107 ciekawe p\u0142yty chodnikowe, kt\u00f3re maj\u0105 swoj\u0105 histori\u0119. Zadanie wykonali wzorowo, nawi\u0105zuj\u0105c kontakt z miejscow\u0105 ludno\u015bci\u0105. Po powrocie do O\u015brodka prezentowali swoje zadanie w grupach, na kt\u00f3re zostali podzieleni.<\/p>\n<p style=\"text-align: justify;\"><img loading=\"lazy\" decoding=\"async\" class=\"alignnone size-medium wp-image-5467\" src=\"https:\/\/ckiw-tarnow.ohp.pl\/wp-content\/uploads\/2018\/05\/received_1711331648982835-225x300.jpeg\" alt=\"\" width=\"225\" height=\"300\" \/><\/p>\n<p style=\"text-align: justify;\">Pe\u0142en wra\u017ce\u0144 by\u0142 tak\u017ce wyjazd na Roztocze. Mo\u017cna by\u0142o nape\u0142ni\u0107 g\u0142ow\u0119 szumem z prawdziwych szum\u00f3w rzeki Tanwi i Sopot, przej\u015b\u0107 alej\u0105 starych d\u0119b\u00f3w a nawet wej\u015b\u0107 do \u015brodka drzewa, napi\u0107 si\u0119 wody ze \u017ar\u00f3d\u0142a i pos\u0142ucha\u0107 jak chrz\u0105szcz brzmi w trzcinie. Podczas poznawania urok\u00f3w Roztocza cieszyli si\u0119 pi\u0119kn\u0105 panoram\u0105, kt\u00f3ra roztacza\u0142a si\u0119 z kamiennej wie\u017cy widokowej, odwiedzili Sanktuarium Maryjne w Krasnobrodzie a tak\u017ce znajduj\u0105c\u0105 si\u0119 tam wystaw\u0119 zbior\u00f3w etnograficznych, wie\u0144c\u00f3w do\u017cynkowych i ptaszarni\u0119. Po ci\u0119\u017ckim dniu przyszed\u0142 czas na odpoczynek przy ognisku. Przeja\u017cd\u017cka bryczk\u0105 po lesie okaza\u0142a si\u0119 du\u017c\u0105 atrakcj\u0105. Nie zabrak\u0142o tradycyjnego regionalnego obiadu, gier i zabaw a tak\u017ce kie\u0142baski z ogniska.<\/p>\n<p style=\"text-align: justify;\"><img loading=\"lazy\" decoding=\"async\" class=\"alignnone size-medium wp-image-5477\" src=\"https:\/\/ckiw-tarnow.ohp.pl\/wp-content\/uploads\/2018\/05\/DSCN3864-1-300x225.jpg\" alt=\"\" width=\"300\" height=\"225\" \/><\/p>\n<p style=\"text-align: justify;\">W trakcie warsztat\u00f3w m\u0142odzie\u017c ch\u0119tnie bra\u0142a udzia\u0142 w ciekawych \u0107wiczeniach, przy kt\u00f3rych by\u0142o du\u017co zabawy, ale przede wszystkim nauki na wielu poziomach. Wsp\u00f3lnie pracowali te\u017c nad tworzeniem mini przewodnika po Zamo\u015bciu i Roztoczu.<\/p>\n<p style=\"text-align: justify;\"><img loading=\"lazy\" decoding=\"async\" class=\"alignnone size-medium wp-image-5489\" src=\"https:\/\/ckiw-tarnow.ohp.pl\/wp-content\/uploads\/2018\/05\/received_1713015542147779-300x225.jpeg\" alt=\"\" width=\"300\" height=\"225\" \/><\/p>\n<p style=\"text-align: justify;\">Wieczorem grupa ukrai\u0144ska przygotowa\u0142a pokaz mody prezentuj\u0105c pi\u0119kne stroje ludowe, a z grup\u0105 polsk\u0105 wsp\u00f3lnie wykonali folkowe deseczki. Nie zabrak\u0142o nauki piosenek a tak\u017ce poloneza. Wsp\u00f3lne gry w bilard, tenis sto\u0142owy, rozegrany mecz pi\u0142ki no\u017cnej a tak\u017ce wyj\u015bcia na basen dodatkowo integrowa\u0142y uczestnik\u00f3w z obu kraj\u00f3w.<\/p>\n\n","protected":false},"excerpt":{"rendered":"<p>W dniach od 6 do 12 maja 2018r \u00a0w Zamo\u015bciu trwa\u0142a mi\u0119dzynarodowa wymiana m\u0142odzie\u017cy w ramach projektu \u201ePoznajmy si\u0119 mamy tyle wsp\u00f3lnego\u201d programu Erasmus+. Uczestniczy\u0142o w niej po 10 m\u0142odych os\u00f3b w wieku 15-19 lat i po 2 opiekun\u00f3w\u00a0 z Centrum Kszta\u0142cenia i Wychowania OHP w Tarnowie oraz z Ukrainy. G\u0142\u00f3wnym celem projektu by\u0142o poznanie [&hellip;]<\/p>\n","protected":false},"author":5,"featured_media":0,"comment_status":"closed","ping_status":"closed","sticky":false,"template":"","format":"standard","meta":{"footnotes":""},"categories":[2],"tags":[],"class_list":["post-5458","post","type-post","status-publish","format-standard","hentry","category-aktualnosci"],"_links":{"self":[{"href":"https:\/\/ckiw-tarnow.ohp.pl\/index.php\/wp-json\/wp\/v2\/posts\/5458","targetHints":{"allow":["GET"]}}],"collection":[{"href":"https:\/\/ckiw-tarnow.ohp.pl\/index.php\/wp-json\/wp\/v2\/posts"}],"about":[{"href":"https:\/\/ckiw-tarnow.ohp.pl\/index.php\/wp-json\/wp\/v2\/types\/post"}],"author":[{"embeddable":true,"href":"https:\/\/ckiw-tarnow.ohp.pl\/index.php\/wp-json\/wp\/v2\/users\/5"}],"replies":[{"embeddable":true,"href":"https:\/\/ckiw-tarnow.ohp.pl\/index.php\/wp-json\/wp\/v2\/comments?post=5458"}],"version-history":[{"count":3,"href":"https:\/\/ckiw-tarnow.ohp.pl\/index.php\/wp-json\/wp\/v2\/posts\/5458\/revisions"}],"predecessor-version":[{"id":6471,"href":"https:\/\/ckiw-tarnow.ohp.pl\/index.php\/wp-json\/wp\/v2\/posts\/5458\/revisions\/6471"}],"wp:attachment":[{"href":"https:\/\/ckiw-tarnow.ohp.pl\/index.php\/wp-json\/wp\/v2\/media?parent=5458"}],"wp:term":[{"taxonomy":"category","embeddable":true,"href":"https:\/\/ckiw-tarnow.ohp.pl\/index.php\/wp-json\/wp\/v2\/categories?post=5458"},{"taxonomy":"post_tag","embeddable":true,"href":"https:\/\/ckiw-tarnow.ohp.pl\/index.php\/wp-json\/wp\/v2\/tags?post=5458"}],"curies":[{"name":"wp","href":"https:\/\/api.w.org\/{rel}","templated":true}]}}