{"id":584,"date":"2016-07-06T11:33:56","date_gmt":"2016-07-06T09:33:56","guid":{"rendered":"http:\/\/ckiw-tarnow.ohp.pl\/beta\/?p=584"},"modified":"2019-06-06T11:05:26","modified_gmt":"2019-06-06T09:05:26","slug":"trwa-projekt-obudz-swoj-potencjal","status":"publish","type":"post","link":"https:\/\/ckiw-tarnow.ohp.pl\/index.php\/2016\/07\/06\/trwa-projekt-obudz-swoj-potencjal\/","title":{"rendered":"Trwa projekt &#8222;Obud\u017a sw\u00f3j potencja\u0142&#8221;"},"content":{"rendered":"<p>Uczestnicy projektu \u201eObud\u017a sw\u00f3j potencja\u0142 &#8211; YEI\u201d\u00a0 zako\u0144czyli indywidualne zaj\u0119cia z doradc\u0105 zawodowym prowadzone przez doradc\u0119 zawodowego Pani\u0105 Beat\u0119 W\u00f3jcik.\u00a0 Celem tych zaj\u0119\u0107 by\u0142o badanie\u00a0 predyspozycji zawodowych oraz opracowanie Indywidualnego Planu Dzia\u0142ania dla ka\u017cdego z uczestnik\u00f3w. Na zako\u0144czenie\u00a0 zaj\u0119\u0107 doradca zawodowy opracowa\u0142 szczeg\u00f3\u0142ow\u0105 diagnoz\u0119 predyspozycji zawodowych uczestnik\u00f3w pod k\u0105tem planowania ich rozwoju i kariery zawodowej. Ponadto, ka\u017cdemu z uczestnik\u00f3w zosta\u0142y przedstawione formy wsparcia do zrealizowania w ramach zaplanowanej \u015bcie\u017cki zawodowej. Nast\u0119pne zaj\u0119cia,\u00a0 z kt\u00f3rych m\u0142odzie\u017c skorzysta to grupowe zaj\u0119cia z doradc\u0105 zawodowym, kt\u00f3re rozpoczn\u0105 si\u0119 19 lipca br. i b\u0119d\u0105 trwa\u0107 do 26 lipca br.<\/p>\n<p>Grupa liczy 10 uczestnik\u00f3w. Udzia\u0142 w projekcie jest bezp\u0142atny.<\/p>\n<p>\u00a0<\/p>\n\n\n<figure class=\"wp-block-image\"><img loading=\"lazy\" decoding=\"async\" width=\"623\" height=\"140\" src=\"https:\/\/ckiw-tarnow.ohp.pl\/wp-content\/uploads\/2018\/07\/Logo-UE.jpg\" alt=\"\" class=\"wp-image-7793\" srcset=\"https:\/\/ckiw-tarnow.ohp.pl\/wp-content\/uploads\/2018\/07\/Logo-UE.jpg 623w, https:\/\/ckiw-tarnow.ohp.pl\/wp-content\/uploads\/2018\/07\/Logo-UE-300x67.jpg 300w\" sizes=\"auto, (max-width: 623px) 100vw, 623px\" \/><\/figure>\n","protected":false},"excerpt":{"rendered":"<p>Uczestnicy projektu \u201eObud\u017a sw\u00f3j potencja\u0142 &#8211; YEI\u201d\u00a0 zako\u0144czyli indywidualne zaj\u0119cia z doradc\u0105 zawodowym prowadzone przez doradc\u0119 zawodowego Pani\u0105 Beat\u0119 W\u00f3jcik.\u00a0 Celem tych zaj\u0119\u0107 by\u0142o badanie\u00a0 predyspozycji zawodowych oraz opracowanie Indywidualnego Planu Dzia\u0142ania dla ka\u017cdego z uczestnik\u00f3w. Na zako\u0144czenie\u00a0 zaj\u0119\u0107 doradca zawodowy opracowa\u0142 szczeg\u00f3\u0142ow\u0105 diagnoz\u0119 predyspozycji zawodowych uczestnik\u00f3w pod k\u0105tem planowania ich rozwoju i kariery zawodowej. [&hellip;]<\/p>\n","protected":false},"author":1,"featured_media":0,"comment_status":"closed","ping_status":"closed","sticky":false,"template":"","format":"standard","meta":{"footnotes":""},"categories":[7,8],"tags":[],"class_list":["post-584","post","type-post","status-publish","format-standard","hentry","category-projekty_ue","category-w_realizacji"],"_links":{"self":[{"href":"https:\/\/ckiw-tarnow.ohp.pl\/index.php\/wp-json\/wp\/v2\/posts\/584","targetHints":{"allow":["GET"]}}],"collection":[{"href":"https:\/\/ckiw-tarnow.ohp.pl\/index.php\/wp-json\/wp\/v2\/posts"}],"about":[{"href":"https:\/\/ckiw-tarnow.ohp.pl\/index.php\/wp-json\/wp\/v2\/types\/post"}],"author":[{"embeddable":true,"href":"https:\/\/ckiw-tarnow.ohp.pl\/index.php\/wp-json\/wp\/v2\/users\/1"}],"replies":[{"embeddable":true,"href":"https:\/\/ckiw-tarnow.ohp.pl\/index.php\/wp-json\/wp\/v2\/comments?post=584"}],"version-history":[{"count":3,"href":"https:\/\/ckiw-tarnow.ohp.pl\/index.php\/wp-json\/wp\/v2\/posts\/584\/revisions"}],"predecessor-version":[{"id":7813,"href":"https:\/\/ckiw-tarnow.ohp.pl\/index.php\/wp-json\/wp\/v2\/posts\/584\/revisions\/7813"}],"wp:attachment":[{"href":"https:\/\/ckiw-tarnow.ohp.pl\/index.php\/wp-json\/wp\/v2\/media?parent=584"}],"wp:term":[{"taxonomy":"category","embeddable":true,"href":"https:\/\/ckiw-tarnow.ohp.pl\/index.php\/wp-json\/wp\/v2\/categories?post=584"},{"taxonomy":"post_tag","embeddable":true,"href":"https:\/\/ckiw-tarnow.ohp.pl\/index.php\/wp-json\/wp\/v2\/tags?post=584"}],"curies":[{"name":"wp","href":"https:\/\/api.w.org\/{rel}","templated":true}]}}