{"id":5867,"date":"2018-06-11T12:43:41","date_gmt":"2018-06-11T10:43:41","guid":{"rendered":"http:\/\/ckiw-tarnow.ohp.pl\/?p=5867"},"modified":"2018-06-14T13:43:08","modified_gmt":"2018-06-14T11:43:08","slug":"uczestnicy-tarnowskiego-centrum-porzadkowali-cmentarze-kresowe","status":"publish","type":"post","link":"https:\/\/ckiw-tarnow.ohp.pl\/index.php\/2018\/06\/11\/uczestnicy-tarnowskiego-centrum-porzadkowali-cmentarze-kresowe\/","title":{"rendered":"Uczestnicy tarnowskiego Centrum porz\u0105dkowali cmentarze kresowe"},"content":{"rendered":"<p>W niedziel\u0119 3 czerwca uczestnicy tarnowskiego Centrum Kamil i Daniel Kolarscy\u00a0 pod opiek\u0105 wychowawcy Ryszarda Zyzaka udali si\u0119 do naszych s\u0105siad\u00f3w za wschodni\u0105 granic\u0119 w celu porz\u0105dkowania cmentarzy kresowych na Wo\u0142yniu \u2013 dzisiejsze tereny Ukrainy.<\/p>\n<p>Podczas tygodniowego pobytu na Wo\u0142yniu uporz\u0105dkowano dawne cmentarze parafialne w miejscowo\u015bciach : Kupicz\u00f3w, Turzysk, \u0141uk\u00f3w, Przewa\u0142y, Luboml. Odwiedzono r\u00f3wnie\u017c cmentarz w miejscowo\u015bci Rymacze, gdzie znajduj\u0105 si\u0119 groby \u017co\u0142nierzy 27 Dywizji Piechoty Armii Krajowej.<\/p>\n<p>Ka\u017cdego wieczoru uczestnicy zm\u0119czeni ca\u0142odziennym wysi\u0142kiem odpoczywali relaksuj\u0105c si\u0119 k\u0105piel\u0105 w jeziorze w miejscowo\u015bci So\u0142owicze, gdzie byli zakwaterowani.<\/p>\n<p>Ostatniego dnia w pi\u0105tek zm\u0119czeni, ale zadowoleni ze spe\u0142nionej misji ze \u015bpiew na ustach udali si\u0119 w drog\u0119 powrotn\u0105 do swoich miejsc zamieszkania.<\/p>\n<p><img loading=\"lazy\" decoding=\"async\" class=\"alignnone  wp-image-5880\" src=\"https:\/\/ckiw-tarnow.ohp.pl\/wp-content\/uploads\/2018\/06\/IMG_20180605_105105-300x225.jpg\" alt=\"\" width=\"307\" height=\"230\" \/><\/p>\n<p><img loading=\"lazy\" decoding=\"async\" class=\"alignnone  wp-image-5870\" src=\"https:\/\/ckiw-tarnow.ohp.pl\/wp-content\/uploads\/2018\/06\/IMG_0161-300x225.jpg\" alt=\"\" width=\"300\" height=\"225\" \/><\/p>\n<p><img loading=\"lazy\" decoding=\"async\" class=\"alignnone  wp-image-5882\" src=\"https:\/\/ckiw-tarnow.ohp.pl\/wp-content\/uploads\/2018\/06\/IMG_20180605_150941-225x300.jpg\" alt=\"\" width=\"300\" height=\"400\" \/><\/p>\n<p><img loading=\"lazy\" decoding=\"async\" class=\"alignnone  wp-image-5883\" src=\"https:\/\/ckiw-tarnow.ohp.pl\/wp-content\/uploads\/2018\/06\/IMG_20180607_095803-225x300.jpg\" alt=\"\" width=\"299\" height=\"399\" \/><\/p>\n<p>&nbsp;<\/p>\n<p>&nbsp;<\/p>\n<p>&nbsp;<\/p>\n","protected":false},"excerpt":{"rendered":"<p>W niedziel\u0119 3 czerwca uczestnicy tarnowskiego Centrum Kamil i Daniel Kolarscy\u00a0 pod opiek\u0105 wychowawcy Ryszarda Zyzaka udali si\u0119 do naszych s\u0105siad\u00f3w za wschodni\u0105 granic\u0119 w celu porz\u0105dkowania cmentarzy kresowych na Wo\u0142yniu \u2013 dzisiejsze tereny Ukrainy. Podczas tygodniowego pobytu na Wo\u0142yniu uporz\u0105dkowano dawne cmentarze parafialne w miejscowo\u015bciach : Kupicz\u00f3w, Turzysk, \u0141uk\u00f3w, Przewa\u0142y, Luboml. Odwiedzono r\u00f3wnie\u017c cmentarz [&hellip;]<\/p>\n","protected":false},"author":5,"featured_media":5868,"comment_status":"closed","ping_status":"closed","sticky":false,"template":"","format":"standard","meta":{"footnotes":""},"categories":[2],"tags":[],"class_list":["post-5867","post","type-post","status-publish","format-standard","has-post-thumbnail","hentry","category-aktualnosci"],"_links":{"self":[{"href":"https:\/\/ckiw-tarnow.ohp.pl\/index.php\/wp-json\/wp\/v2\/posts\/5867","targetHints":{"allow":["GET"]}}],"collection":[{"href":"https:\/\/ckiw-tarnow.ohp.pl\/index.php\/wp-json\/wp\/v2\/posts"}],"about":[{"href":"https:\/\/ckiw-tarnow.ohp.pl\/index.php\/wp-json\/wp\/v2\/types\/post"}],"author":[{"embeddable":true,"href":"https:\/\/ckiw-tarnow.ohp.pl\/index.php\/wp-json\/wp\/v2\/users\/5"}],"replies":[{"embeddable":true,"href":"https:\/\/ckiw-tarnow.ohp.pl\/index.php\/wp-json\/wp\/v2\/comments?post=5867"}],"version-history":[{"count":4,"href":"https:\/\/ckiw-tarnow.ohp.pl\/index.php\/wp-json\/wp\/v2\/posts\/5867\/revisions"}],"predecessor-version":[{"id":5887,"href":"https:\/\/ckiw-tarnow.ohp.pl\/index.php\/wp-json\/wp\/v2\/posts\/5867\/revisions\/5887"}],"wp:featuredmedia":[{"embeddable":true,"href":"https:\/\/ckiw-tarnow.ohp.pl\/index.php\/wp-json\/wp\/v2\/media\/5868"}],"wp:attachment":[{"href":"https:\/\/ckiw-tarnow.ohp.pl\/index.php\/wp-json\/wp\/v2\/media?parent=5867"}],"wp:term":[{"taxonomy":"category","embeddable":true,"href":"https:\/\/ckiw-tarnow.ohp.pl\/index.php\/wp-json\/wp\/v2\/categories?post=5867"},{"taxonomy":"post_tag","embeddable":true,"href":"https:\/\/ckiw-tarnow.ohp.pl\/index.php\/wp-json\/wp\/v2\/tags?post=5867"}],"curies":[{"name":"wp","href":"https:\/\/api.w.org\/{rel}","templated":true}]}}