{"id":608,"date":"2016-07-18T08:14:26","date_gmt":"2016-07-18T06:14:26","guid":{"rendered":"http:\/\/ckiw-tarnow.ohp.pl\/beta\/?p=608"},"modified":"2016-08-05T10:44:57","modified_gmt":"2016-08-05T08:44:57","slug":"obudz-swoj-potencjal-yei","status":"publish","type":"post","link":"https:\/\/ckiw-tarnow.ohp.pl\/index.php\/2016\/07\/18\/obudz-swoj-potencjal-yei\/","title":{"rendered":"\u201eOBUD\u0179 SW\u00d3J POTENCJA\u0141 &#8211; YEI\u201d"},"content":{"rendered":"<p><a href=\"https:\/\/ckiw-tarnow.ohp.pl\/wp-content\/uploads\/2016\/07\/0000034210-2.jpg\" rel=\"attachment wp-att-624\"><img loading=\"lazy\" decoding=\"async\" class=\"aligncenter size-full wp-image-624\" src=\"https:\/\/ckiw-tarnow.ohp.pl\/wp-content\/uploads\/2016\/07\/0000034210-2.jpg\" alt=\"0000034210\" width=\"636\" height=\"108\" \/><\/a><\/p>\n<p>Centrum Kszta\u0142cenia i Wychowania Ochotniczych Hufc\u00f3w Pracy w Tarnowie, realizuje projekt wsp\u00f3\u0142finansowany ze \u015brodk\u00f3w Unii Europejskiej: <span style=\"color: #ff0000;\"><strong>\u201eOBUD\u0179 SW\u00d3J POTENCJA\u0141 &#8211; YEI\u201d<br \/>\n<\/strong><\/span><br \/>\n<span style=\"color: #008000;\"><strong>CELE PROJEKTU:<\/strong><\/span><\/p>\n<ul>\n<li>poprawa sytuacji na rynku pracy uczestnik\u00f3w projektu obj\u0119tych wsparciem, poprzez zwi\u0119kszenie ich aktywno\u015bci zawodowej i spo\u0142ecznej oraz mo\u017cliwo\u015bci zatrudnienia w trakcie trwania projektu,<\/li>\n<li>zwi\u0119kszenie mo\u017cliwo\u015bci zatrudnienia os\u00f3b m\u0142odych, bez pracy, w tym w szczeg\u00f3lno\u015bci os\u00f3b, kt\u00f3re nie uczestnicz\u0105 w kszta\u0142ceniu i szkoleniu.<\/li>\n<\/ul>\n<p><span style=\"color: #008000;\"><strong>EFEKTY<\/strong>:<\/span> zmniejszenie bezrobocia w\u015br\u00f3d ludzi m\u0142odych.<\/p>\n<p><span style=\"color: #008000;\"><strong>TERMIN TRWANIA PROJEKTU: <\/strong><\/span>luty &#8211; grudzie\u0144 2016 r.<\/p>\n<p><span style=\"color: #008000;\"><strong>UCZESTNICY PROJEKTU:<\/strong><\/span><\/p>\n<ul>\n<li>osoba w wieku 18-24 lat (uko\u0144czony 18 rok \u017cycia i nieuko\u0144czony 25 rok \u017cycia),<\/li>\n<li>osoba niepracuj\u0105ca i niezarejestrowana w powiatowym Urz\u0119dzie Pracy,<\/li>\n<li>osoba, kt\u00f3ra w okresie 4 tygodni przed zg\u0142oszeniem do projektu nie ucz\u0119szcza\u0142a do szko\u0142y lub na studia,<\/li>\n<li>osoba z niskimi kwalifikacjami zawodowymi, niedostoswanymi do potrzeb rynku pracy,<\/li>\n<li>osoba znajduj\u0105ca si\u0119 w szczeg\u00f3lnie niekorzystnej sytuacji, kt\u00f3ra posiada wykszta\u0142cenie podstawowe, nie posiada kwalifikacji i do\u015bwiadczenia zawodowego.<\/li>\n<\/ul>\n<p><strong><span style=\"color: #008000;\"><br \/>\nZADANIA REALIZOWANE W PROJEKCIE:<\/span> <\/strong><\/p>\n<ul>\n<li>indywidualne i grupowe zaj\u0119cia z doradc\u0105 zawodowym,<\/li>\n<li>indywidualne po\u015brednictwo pracy \u2013 po\u015brednictwo w zakresie organizacji sta\u017cy zawodowych,<\/li>\n<li>indywidualne i grupowe wsparcie psychologiczne,<\/li>\n<li>kursy zawodowe,<\/li>\n<li>kursy j\u0119zyka angielskiego,<\/li>\n<li>podstawowy kurs komputerowy i ECDL,<\/li>\n<li>kurs prawa jazdy kat. B,<\/li>\n<li>kurs przedsi\u0119biorczo\u015bci,<\/li>\n<li>warsztaty z zakresu kreowania wizerunku po\u0142\u0105czone z us\u0142ug\u0105 stylisty,<\/li>\n<li>realizacja sta\u017cy zawodowych.<\/li>\n<\/ul>\n<p><span style=\"color: #008000;\"><strong>UCZESTNIKOM PROJEKTU PRZYS\u0141UGUJE:<\/strong><\/span><\/p>\n<ul>\n<li>ubezpieczenie od nast\u0119pstw nieszcz\u0119\u015bliwych wypadk\u00f3w oraz ubezpieczenie zdrowotne,<\/li>\n<li>wy\u017cywienie w trakcie\u00a0 zaj\u0119\u0107 szkoleniowych,<\/li>\n<li>dofinansowanie koszt\u00f3w dojazdu uczestnika na zaj\u0119cia w ramach projektu,<\/li>\n<li><strong>stypendium szkoleniowe dla uczestnik\u00f3w\u00a0 kurs\u00f3w zawodowych,<\/strong><\/li>\n<li><strong>stypendium sta\u017cowe dla uczestnik\u00f3w odbywaj\u0105cych sta\u017c zawodowy,<\/strong><\/li>\n<li>refundacja koszt\u00f3w opieki nad dzieckiem do lat 7 lub osob\u0105 zale\u017cn\u0105.<\/li>\n<\/ul>\n<p><span style=\"color: #008000;\"><strong>Udzia\u0142 w projekcie jest ca\u0142kowicie BEZP\u0141ATNY!<\/strong><\/span><\/p>\n<p><strong>\u00a0<a href=\"https:\/\/ckiw-tarnow.ohp.pl\/wp-content\/uploads\/2016\/07\/CTar-Harmonogram-Sierpie\u0144_2016-OSP.docx\" rel=\"\">CTar-Harmonogram Sierpie\u0144_2016 OSP<\/a> <a href=\"https:\/\/ckiw-tarnow.ohp.pl\/wp-content\/uploads\/2016\/07\/CTar-20-Szczeg\u00f3\u0142owy-harmonogram-udzielania-wsparcia-OSP-YEI-VII.docx\" rel=\"\">CTar- (20)<\/p>\n<p>Szczeg\u00f3\u0142owy harmonogram udzielania wsparcia OSP YEI &#8211; VII<\/a><\/strong><\/p>\n<p><strong>\u00a0<\/strong><\/p>\n","protected":false},"excerpt":{"rendered":"<p>Centrum Kszta\u0142cenia i Wychowania Ochotniczych Hufc\u00f3w Pracy w Tarnowie, realizuje projekt wsp\u00f3\u0142finansowany ze \u015brodk\u00f3w Unii Europejskiej: \u201eOBUD\u0179 SW\u00d3J POTENCJA\u0141 &#8211; YEI\u201d CELE PROJEKTU: poprawa sytuacji na rynku pracy uczestnik\u00f3w projektu obj\u0119tych wsparciem, poprzez zwi\u0119kszenie ich aktywno\u015bci zawodowej i spo\u0142ecznej oraz mo\u017cliwo\u015bci zatrudnienia w trakcie trwania projektu, zwi\u0119kszenie mo\u017cliwo\u015bci zatrudnienia os\u00f3b m\u0142odych, bez pracy, w tym [&hellip;]<\/p>\n","protected":false},"author":1,"featured_media":0,"comment_status":"closed","ping_status":"closed","sticky":false,"template":"","format":"standard","meta":{"footnotes":""},"categories":[2,7,8],"tags":[],"class_list":["post-608","post","type-post","status-publish","format-standard","hentry","category-aktualnosci","category-projekty_ue","category-w_realizacji"],"_links":{"self":[{"href":"https:\/\/ckiw-tarnow.ohp.pl\/index.php\/wp-json\/wp\/v2\/posts\/608","targetHints":{"allow":["GET"]}}],"collection":[{"href":"https:\/\/ckiw-tarnow.ohp.pl\/index.php\/wp-json\/wp\/v2\/posts"}],"about":[{"href":"https:\/\/ckiw-tarnow.ohp.pl\/index.php\/wp-json\/wp\/v2\/types\/post"}],"author":[{"embeddable":true,"href":"https:\/\/ckiw-tarnow.ohp.pl\/index.php\/wp-json\/wp\/v2\/users\/1"}],"replies":[{"embeddable":true,"href":"https:\/\/ckiw-tarnow.ohp.pl\/index.php\/wp-json\/wp\/v2\/comments?post=608"}],"version-history":[{"count":8,"href":"https:\/\/ckiw-tarnow.ohp.pl\/index.php\/wp-json\/wp\/v2\/posts\/608\/revisions"}],"predecessor-version":[{"id":707,"href":"https:\/\/ckiw-tarnow.ohp.pl\/index.php\/wp-json\/wp\/v2\/posts\/608\/revisions\/707"}],"wp:attachment":[{"href":"https:\/\/ckiw-tarnow.ohp.pl\/index.php\/wp-json\/wp\/v2\/media?parent=608"}],"wp:term":[{"taxonomy":"category","embeddable":true,"href":"https:\/\/ckiw-tarnow.ohp.pl\/index.php\/wp-json\/wp\/v2\/categories?post=608"},{"taxonomy":"post_tag","embeddable":true,"href":"https:\/\/ckiw-tarnow.ohp.pl\/index.php\/wp-json\/wp\/v2\/tags?post=608"}],"curies":[{"name":"wp","href":"https:\/\/api.w.org\/{rel}","templated":true}]}}