{"id":6269,"date":"2018-09-03T12:27:50","date_gmt":"2018-09-03T10:27:50","guid":{"rendered":"http:\/\/ckiw-tarnow.ohp.pl\/?p=6269"},"modified":"2020-03-26T12:21:31","modified_gmt":"2020-03-26T11:21:31","slug":"witaj-szkolo","status":"publish","type":"post","link":"https:\/\/ckiw-tarnow.ohp.pl\/index.php\/2018\/09\/03\/witaj-szkolo\/","title":{"rendered":"Witaj szko\u0142o !!!!"},"content":{"rendered":"<p>Uczestnicy CKiW OHP w Tarnowie zainaugurowali nowy rok szkolny 2018\/2019. Najpierw w ko\u015bciele \u015bw. Rodziny odby\u0142a si\u0119 msza \u015bwi\u0119ta po kt\u00f3rej m\u0142odzie\u017c wraz z kadr\u0105 wychowawcz\u0105 Centrum oraz nauczycielami Zespo\u0142u Szk\u00f3\u0142 Niepublicznych w Tarnowie wzi\u0119\u0142a udzia\u0142 w uroczystym rozpocz\u0119ciu roku szkolnego.<\/p>\n<p>Przyby\u0142ych uczni\u00f3w i go\u015bci przywita\u0142a Pani Wicedyrektor Zespo\u0142u Szk\u00f3\u0142 Niepublicznych Anna Bieniasz oraz Pan Dyrektor Centrum Kszta\u0142cenia i Wychowania OHP w Tarnowie Tomasz Stelmach.<\/p>\n<p><strong>M\u0142odzie\u017cy rozpoczynaj\u0105cej nauk\u0119 oraz kontynuuj\u0105cej szkolenie w Centrum Kszta\u0142cenia i Wychowania OHP w Tarnowie \u017cyczymy, aby nowy rok szkolny obfitowa\u0142 w radosne wydarzenia, a w czerwcu zaowocowa\u0142 sukcesem edukacyjnym.<\/strong><\/p>\n<p>&nbsp;<\/p>\n<p><img loading=\"lazy\" decoding=\"async\" class=\"alignnone size-medium wp-image-6271\" src=\"https:\/\/ckiw-tarnow.ohp.pl\/wp-content\/uploads\/2018\/09\/40628804_243351373031710_5584448149071593472_n-300x225.jpg\" alt=\"\" width=\"300\" height=\"225\" \/> <img loading=\"lazy\" decoding=\"async\" class=\"alignnone size-medium wp-image-6273\" src=\"https:\/\/ckiw-tarnow.ohp.pl\/wp-content\/uploads\/2018\/09\/40685675_1997442740308026_8098119428828299264_n-300x225.jpg\" alt=\"\" width=\"300\" height=\"225\" \/><\/p>\n","protected":false},"excerpt":{"rendered":"<p>Uczestnicy CKiW OHP w Tarnowie zainaugurowali nowy rok szkolny 2018\/2019. Najpierw w ko\u015bciele \u015bw. Rodziny odby\u0142a si\u0119 msza \u015bwi\u0119ta po kt\u00f3rej m\u0142odzie\u017c wraz z kadr\u0105 wychowawcz\u0105 Centrum oraz nauczycielami Zespo\u0142u Szk\u00f3\u0142 Niepublicznych w Tarnowie wzi\u0119\u0142a udzia\u0142 w uroczystym rozpocz\u0119ciu roku szkolnego. Przyby\u0142ych uczni\u00f3w i go\u015bci przywita\u0142a Pani Wicedyrektor Zespo\u0142u Szk\u00f3\u0142 Niepublicznych Anna Bieniasz oraz Pan [&hellip;]<\/p>\n","protected":false},"author":5,"featured_media":0,"comment_status":"closed","ping_status":"closed","sticky":false,"template":"","format":"standard","meta":{"footnotes":""},"categories":[2],"tags":[],"class_list":["post-6269","post","type-post","status-publish","format-standard","hentry","category-aktualnosci"],"_links":{"self":[{"href":"https:\/\/ckiw-tarnow.ohp.pl\/index.php\/wp-json\/wp\/v2\/posts\/6269","targetHints":{"allow":["GET"]}}],"collection":[{"href":"https:\/\/ckiw-tarnow.ohp.pl\/index.php\/wp-json\/wp\/v2\/posts"}],"about":[{"href":"https:\/\/ckiw-tarnow.ohp.pl\/index.php\/wp-json\/wp\/v2\/types\/post"}],"author":[{"embeddable":true,"href":"https:\/\/ckiw-tarnow.ohp.pl\/index.php\/wp-json\/wp\/v2\/users\/5"}],"replies":[{"embeddable":true,"href":"https:\/\/ckiw-tarnow.ohp.pl\/index.php\/wp-json\/wp\/v2\/comments?post=6269"}],"version-history":[{"count":2,"href":"https:\/\/ckiw-tarnow.ohp.pl\/index.php\/wp-json\/wp\/v2\/posts\/6269\/revisions"}],"predecessor-version":[{"id":6275,"href":"https:\/\/ckiw-tarnow.ohp.pl\/index.php\/wp-json\/wp\/v2\/posts\/6269\/revisions\/6275"}],"wp:attachment":[{"href":"https:\/\/ckiw-tarnow.ohp.pl\/index.php\/wp-json\/wp\/v2\/media?parent=6269"}],"wp:term":[{"taxonomy":"category","embeddable":true,"href":"https:\/\/ckiw-tarnow.ohp.pl\/index.php\/wp-json\/wp\/v2\/categories?post=6269"},{"taxonomy":"post_tag","embeddable":true,"href":"https:\/\/ckiw-tarnow.ohp.pl\/index.php\/wp-json\/wp\/v2\/tags?post=6269"}],"curies":[{"name":"wp","href":"https:\/\/api.w.org\/{rel}","templated":true}]}}