{"id":6453,"date":"2018-09-20T11:07:23","date_gmt":"2018-09-20T09:07:23","guid":{"rendered":"http:\/\/ckiw-tarnow.ohp.pl\/?p=6453"},"modified":"2020-03-26T12:21:03","modified_gmt":"2020-03-26T11:21:03","slug":"piesza-pielgrzymka-do-tuchowa","status":"publish","type":"post","link":"https:\/\/ckiw-tarnow.ohp.pl\/index.php\/2018\/09\/20\/piesza-pielgrzymka-do-tuchowa\/","title":{"rendered":"Piesza Pielgrzymka do Tuchowa"},"content":{"rendered":"<p>W 100-lecie Odzyskania Niepodleg\u0142o\u015bci przez Polsk\u0119, w 40 rocznic\u0119 rozpocz\u0119cia pontyfikatu Jana Paw\u0142a II, patrona m\u0142odzie\u017cy OHP, a tak\u017ce \u00a0w zwi\u0105zku rozpocz\u0119ciem nowego roku szkolnego, \u00a0m\u0142odzie\u017c i kadra wychowawcza Centrum Kszta\u0142cenia i Wychowania OHP w Tarnowie pieszo pielgrzymowa\u0142a do Sanktuarium Matki Bo\u017cej w Tuchowie.<\/p>\n<p style=\"margin: 0cm; margin-bottom: .0001pt;\">Pielgrzymka wyruszy\u0142a spod siedziby CKiW\u00a0 przy ulicy Mo\u015bcickiego\u00a0 27, wczesnym rankiem 19 wrze\u015bnia 2018 r. Grup\u0119 pielgrzym\u00f3w tworzy\u0142a m\u0142odzie\u017c Gimnazjum, Zasadniczej Szko\u0142y Zawodowej \u00a0i Szko\u0142y Bran\u017cowej I stopnia \u2013 b\u0119d\u0105ca pod opieka tarnowskiego CKiW \u2013 kt\u00f3ra zaj\u0119cia szkolne realizuje w Zespole Szk\u00f3\u0142 Niepublicznych w Tarnowie jak i w Centrum Kszta\u0142cenia Zawodowego i Ustawicznego w Tarnowie. M\u0142odzie\u017cy towarzyszyli przedstawiciele kadry pedagogicznej CKiW i szk\u00f3\u0142. Trasa pielgrzymki przebiega\u0142a urokliwym szlakiem turystycznym przez G\u00f3r\u0119 \u015bw. Marcina w Tarnowie, przez miejscowo\u015b\u0107 Trzemesna\u00a0 do Tuchowa \u2013\u00a0 \u0142\u0105cznie oko\u0142o 20 km. Pielgrzymi mieli zapewnione napoje oraz\u00a0 gor\u0105cy posi\u0142ek podczas d\u0142u\u017cszego odpoczynku na trasie.<br \/>\nW Sanktuarium Matki Bo\u017cej w Tuchowie grupa uczestniczy\u0142a we Mszy \u015bw. sprawowanej przez ks. Piotra Paska, z liturgi\u0105 s\u0142owa z czynnym udzia\u0142em m\u0142odzie\u017cy CKiW. Po zako\u0144czonej modlitwie dokonano wr\u0119czenia dyplom\u00f3w i s\u0142odkich upomink\u00f3w laureatom konkursu przeprowadzanego corocznie w CKiW OHP w Tarnowie \u201ePosta\u0107 i \u017cycie \u015bw. Jana Paw\u0142a II\u201d \u2013 wr\u0119czenia nagr\u00f3d dokona\u0142 Dyrektor CKiW OHP w Tarnowie Pan Tomasz Stelmach.<\/p>\n<p style=\"margin: 0cm; margin-bottom: .0001pt;\">Ostatnim punktem wizyty w tuchowskim Sanktuarium, by\u0142o zwiedzanie zabudowa\u0144 \u00a0klasztoru o. Redemptoryst\u00f3w (na jego terenie zlokalizowane jest sanktuarium), \u00a0ca\u0142orocznej szopki i tamtejszego muzeum. Nast\u0119pnie autokarami, m\u0142odzie\u017c wraz z opiekunami powr\u00f3ci\u0142a do Tarnowa.<\/p>\n<p style=\"margin: 0cm; margin-bottom: .0001pt;\">Wsp\u00f3lnie pielgrzymowanie to dla m\u0142odzie\u017cy nie tylko duchowe prze\u017cycie, ale tak\u017ce kolejna okazja do wzajemnego poznawania si\u0119 i integracji.<\/p>\n<p>&nbsp;<\/p>\n\n<p>&nbsp;<\/p>\n","protected":false},"excerpt":{"rendered":"<p>W 100-lecie Odzyskania Niepodleg\u0142o\u015bci przez Polsk\u0119, w 40 rocznic\u0119 rozpocz\u0119cia pontyfikatu Jana Paw\u0142a II, patrona m\u0142odzie\u017cy OHP, a tak\u017ce \u00a0w zwi\u0105zku rozpocz\u0119ciem nowego roku szkolnego, \u00a0m\u0142odzie\u017c i kadra wychowawcza Centrum Kszta\u0142cenia i Wychowania OHP w Tarnowie pieszo pielgrzymowa\u0142a do Sanktuarium Matki Bo\u017cej w Tuchowie. Pielgrzymka wyruszy\u0142a spod siedziby CKiW\u00a0 przy ulicy Mo\u015bcickiego\u00a0 27, wczesnym rankiem [&hellip;]<\/p>\n","protected":false},"author":5,"featured_media":0,"comment_status":"closed","ping_status":"closed","sticky":false,"template":"","format":"standard","meta":{"footnotes":""},"categories":[2],"tags":[],"class_list":["post-6453","post","type-post","status-publish","format-standard","hentry","category-aktualnosci"],"_links":{"self":[{"href":"https:\/\/ckiw-tarnow.ohp.pl\/index.php\/wp-json\/wp\/v2\/posts\/6453","targetHints":{"allow":["GET"]}}],"collection":[{"href":"https:\/\/ckiw-tarnow.ohp.pl\/index.php\/wp-json\/wp\/v2\/posts"}],"about":[{"href":"https:\/\/ckiw-tarnow.ohp.pl\/index.php\/wp-json\/wp\/v2\/types\/post"}],"author":[{"embeddable":true,"href":"https:\/\/ckiw-tarnow.ohp.pl\/index.php\/wp-json\/wp\/v2\/users\/5"}],"replies":[{"embeddable":true,"href":"https:\/\/ckiw-tarnow.ohp.pl\/index.php\/wp-json\/wp\/v2\/comments?post=6453"}],"version-history":[{"count":1,"href":"https:\/\/ckiw-tarnow.ohp.pl\/index.php\/wp-json\/wp\/v2\/posts\/6453\/revisions"}],"predecessor-version":[{"id":6469,"href":"https:\/\/ckiw-tarnow.ohp.pl\/index.php\/wp-json\/wp\/v2\/posts\/6453\/revisions\/6469"}],"wp:attachment":[{"href":"https:\/\/ckiw-tarnow.ohp.pl\/index.php\/wp-json\/wp\/v2\/media?parent=6453"}],"wp:term":[{"taxonomy":"category","embeddable":true,"href":"https:\/\/ckiw-tarnow.ohp.pl\/index.php\/wp-json\/wp\/v2\/categories?post=6453"},{"taxonomy":"post_tag","embeddable":true,"href":"https:\/\/ckiw-tarnow.ohp.pl\/index.php\/wp-json\/wp\/v2\/tags?post=6453"}],"curies":[{"name":"wp","href":"https:\/\/api.w.org\/{rel}","templated":true}]}}