{"id":6503,"date":"2018-09-27T14:36:59","date_gmt":"2018-09-27T12:36:59","guid":{"rendered":"http:\/\/ckiw-tarnow.ohp.pl\/?p=6503"},"modified":"2018-09-27T14:36:59","modified_gmt":"2018-09-27T12:36:59","slug":"ogolnopolska-inauguracja-roku-szkoleniowego-ohp-w-sanktuarium-matki-bozej-bolesnej-krolowej-polski-w-licheniu-2","status":"publish","type":"post","link":"https:\/\/ckiw-tarnow.ohp.pl\/index.php\/2018\/09\/27\/ogolnopolska-inauguracja-roku-szkoleniowego-ohp-w-sanktuarium-matki-bozej-bolesnej-krolowej-polski-w-licheniu-2\/","title":{"rendered":"Og\u00f3lnopolska Inauguracja Roku Szkoleniowego OHP               w Sanktuarium Matki Bo\u017cej Bolesnej Kr\u00f3lowej Polski                w Licheniu"},"content":{"rendered":"<p>26 wrze\u015bnia 2018 r. delegacja Centrum Kszta\u0142cenia i Wychowania OHP w Tarnowie \u2013 pod przewodnictwem dyrektora tarnowskiego Centrum Pana Tomasza Stelmacha \u2013 wzi\u0119\u0142a udzia\u0142 w Og\u00f3lnopolskiej Inauguracji Roku Szkoleniowego 2018\/2019, w Licheniu zorganizowanej przez KG OHP.<\/p>\n<p>W sk\u0142ad \u00a0naszej delegacji CKiW OHP w Tarnowie wzi\u0119li udzia\u0142 uczestnicy: Angelika Lewandowska, Sylwia Florek, Gabriela Kie\u0142bania, Marcin Onyszczuk, Adam Fecko, Patrycja Kie\u0142bania &#8211; absolwentka Centrum Kszta\u0142cenia i Wychowania OHP w Tarnowie, kt\u00f3ra zaj\u0119\u0142a drugie miejsce w Kategorii Praktyczna Nauka Zawodu w Og\u00f3lnopolskim Konkursie Absolwent Roku OHP organizowanym przez Komend\u0119 G\u0142\u00f3wn\u0105 OHP. Pod opiek\u0105 wychowawc\u00f3w: P. Urszuli Ujek oraz P. Artura Obuszko.<\/p>\n<p>Uroczysto\u015bci zwi\u0105zane z rozpocz\u0119ciem nowego roku szkoleniowego odby\u0142y si\u0119 w\u00a0 Sanktuarium Matki Bo\u017cej Bolesnej Liche\u0144skiej. W inauguracji wzi\u0119li udzia\u0142:\u00a0 Sekretarz Stanu w Ministerstwie Rodziny, Pracy i Polityki Spo\u0142ecznej Stanis\u0142aw Szweda, dyrektor Departamentu Rynku Pracy w MRPiPS Ewa Flaszy\u0144ska,\u00a0\u00a0 zast\u0119pca Komendanta G\u0142\u00f3wnego OHP Renata Wicha, Pe\u0142nomocnik Komendanta G\u0142\u00f3wnego OHP ds. ekonomiczno-finansowych Wojciech Szewczyk, dyrektor Biura Edukacji i Organizacji Jednostek Opieku\u0144czo-Wychowawczych OHP KG S\u0142awomir M\u0119cina, Krajowy Duszpasterz OHP ks. pra\u0142at Jaros\u0142aw Sroka, Wojew\u00f3dzki Komendant Wielkopolskiej WK OHP Adam P\u0119karski wraz z zast\u0119pc\u0105 Barbar\u0105 Siwiak, przedstawiciele w\u0142adz administracyjnych i samorz\u0105dowych wojew\u00f3dztwa wielkopolskiego oraz Wojew\u00f3dzkich Komend OHP i Wojew\u00f3dzkich Duszpasterstw OHP z wojew\u00f3dztw s\u0105siaduj\u0105cych.<\/p>\n<p>W czasie nabo\u017ce\u0144stwa przedstawiciele uczestnik\u00f3w pierwszego rocznika z\u0142o\u017cyli uroczyste \u015blubowanie w imieniu og\u00f3\u0142u m\u0142odzie\u017cy rozpoczynaj\u0105cej kszta\u0142cenie w OHP. Delegacja kadry kierowniczej\u00a0 i m\u0142odzie\u017cy OHP z\u0142o\u017cy\u0142a kwiaty na p\u0142ycie\u00a0 pomnika \u015bw. Jana Paw\u0142a II.<\/p>\n\n","protected":false},"excerpt":{"rendered":"<p>26 wrze\u015bnia 2018 r. delegacja Centrum Kszta\u0142cenia i Wychowania OHP w Tarnowie \u2013 pod przewodnictwem dyrektora tarnowskiego Centrum Pana Tomasza Stelmacha \u2013 wzi\u0119\u0142a udzia\u0142 w Og\u00f3lnopolskiej Inauguracji Roku Szkoleniowego 2018\/2019, w Licheniu zorganizowanej przez KG OHP. W sk\u0142ad \u00a0naszej delegacji CKiW OHP w Tarnowie wzi\u0119li udzia\u0142 uczestnicy: Angelika Lewandowska, Sylwia Florek, Gabriela Kie\u0142bania, Marcin Onyszczuk, [&hellip;]<\/p>\n","protected":false},"author":5,"featured_media":0,"comment_status":"closed","ping_status":"closed","sticky":false,"template":"","format":"standard","meta":{"footnotes":""},"categories":[2],"tags":[],"class_list":["post-6503","post","type-post","status-publish","format-standard","hentry","category-aktualnosci"],"_links":{"self":[{"href":"https:\/\/ckiw-tarnow.ohp.pl\/index.php\/wp-json\/wp\/v2\/posts\/6503","targetHints":{"allow":["GET"]}}],"collection":[{"href":"https:\/\/ckiw-tarnow.ohp.pl\/index.php\/wp-json\/wp\/v2\/posts"}],"about":[{"href":"https:\/\/ckiw-tarnow.ohp.pl\/index.php\/wp-json\/wp\/v2\/types\/post"}],"author":[{"embeddable":true,"href":"https:\/\/ckiw-tarnow.ohp.pl\/index.php\/wp-json\/wp\/v2\/users\/5"}],"replies":[{"embeddable":true,"href":"https:\/\/ckiw-tarnow.ohp.pl\/index.php\/wp-json\/wp\/v2\/comments?post=6503"}],"version-history":[{"count":3,"href":"https:\/\/ckiw-tarnow.ohp.pl\/index.php\/wp-json\/wp\/v2\/posts\/6503\/revisions"}],"predecessor-version":[{"id":6522,"href":"https:\/\/ckiw-tarnow.ohp.pl\/index.php\/wp-json\/wp\/v2\/posts\/6503\/revisions\/6522"}],"wp:attachment":[{"href":"https:\/\/ckiw-tarnow.ohp.pl\/index.php\/wp-json\/wp\/v2\/media?parent=6503"}],"wp:term":[{"taxonomy":"category","embeddable":true,"href":"https:\/\/ckiw-tarnow.ohp.pl\/index.php\/wp-json\/wp\/v2\/categories?post=6503"},{"taxonomy":"post_tag","embeddable":true,"href":"https:\/\/ckiw-tarnow.ohp.pl\/index.php\/wp-json\/wp\/v2\/tags?post=6503"}],"curies":[{"name":"wp","href":"https:\/\/api.w.org\/{rel}","templated":true}]}}