{"id":6791,"date":"2018-10-30T11:57:30","date_gmt":"2018-10-30T10:57:30","guid":{"rendered":"http:\/\/ckiw-tarnow.ohp.pl\/?p=6791"},"modified":"2018-10-30T11:57:30","modified_gmt":"2018-10-30T10:57:30","slug":"iii-przeglad-piesni-patriotycznej-w-skomielnej-bialej-z-okazji-100-lecia-odzyskania-niepodleglosci","status":"publish","type":"post","link":"https:\/\/ckiw-tarnow.ohp.pl\/index.php\/2018\/10\/30\/iii-przeglad-piesni-patriotycznej-w-skomielnej-bialej-z-okazji-100-lecia-odzyskania-niepodleglosci\/","title":{"rendered":"III Przegl\u0105d Pie\u015bni Patriotycznej w Skomielnej Bia\u0142ej z okazji 100-lecia odzyskania niepodleg\u0142o\u015bci"},"content":{"rendered":"<p>W dniu 27 pa\u017adziernika 2018r. z okazji 100-lecia odzyskania niepodleg\u0142o\u015bci\u00a0 uczestniczka \u00a0CKiW OHP w Tarnowie, Sylwia Florek wzi\u0119\u0142a udzia\u0142 w III Przegl\u0105dzie Pie\u015bni Patriotycznej Uczestnik\u00f3w OHP Wojew\u00f3dztwa Ma\u0142opolskiego wykonuj\u0105c utw\u00f3r pt. <em>\u201ePIECHOTA\u201d.<\/em> Organizatorem przegl\u0105du by\u0142a \u00a0Ma\u0142opolska Wojew\u00f3dzka Komenda OHP w Krakowie oraz 6-36 Hufiec Pracy w Skomielnej Bia\u0142ej.<\/p>\n<p>W tegorocznym przegl\u0105dzie Pie\u015bni Patriotycznej wzi\u0119li udzia\u0142 uczestnicy z \u00a0Ochotniczych Hufc\u00f3w Pracy z Wojew\u00f3dztwa Ma\u0142opolskiego jak r\u00f3wnie\u017c spoza. \u00a0\u00a0\u00a0\u00a0\u00a0\u00a0\u00a0\u00a0\u00a0\u00a0\u00a0\u00a0\u00a0\u00a0\u00a0\u00a0\u00a0\u00a0\u00a0\u00a0\u00a0\u00a0\u00a0\u00a0\u00a0\u00a0\u00a0\u00a0\u00a0\u00a0\u00a0\u00a0\u00a0\u00a0\u00a0\u00a0\u00a0\u00a0\u00a0\u00a0\u00a0\u00a0\u00a0\u00a0\u00a0\u00a0\u00a0\u00a0\u00a0\u00a0\u00a0\u00a0\u00a0\u00a0\u00a0\u00a0\u00a0\u00a0\u00a0\u00a0\u00a0\u00a0\u00a0\u00a0\u00a0\u00a0\u00a0\u00a0\u00a0\u00a0\u00a0\u00a0\u00a0\u00a0\u00a0\u00a0\u00a0\u00a0\u00a0\u00a0\u00a0\u00a0\u00a0\u00a0\u00a0\u00a0\u00a0\u00a0\u00a0\u00a0\u00a0\u00a0\u00a0\u00a0\u00a0\u00a0\u00a0\u00a0\u00a0\u00a0\u00a0\u00a0\u00a0\u00a0\u00a0\u00a0 Ka\u017cdy z uczestnik\u00f3w otrzyma\u0142 pami\u0105tkowy dyplom oraz upominek.<\/p>\n<p>Prezentowane utwory, wystr\u00f3j sceniczny wprowadzi\u0142y uczestnik\u00f3w w nastr\u00f3j skupienia i powagi. Celem przegl\u0105du jest wspieranie wychowania patriotycznego m\u0142odego pokolenia przez r\u00f3\u017cnorodne formy artystyczne. Propagowanie w\u015br\u00f3d m\u0142odzie\u017cy postaw patriotycznych. Rozwijanie pasji wokalnych oraz umo\u017cliwienie prezentacji tych umiej\u0119tno\u015bci.<\/p>\n<p>Naszej uczestniczce tarnowskiego CKiW OHP w Tarnowie serdecznie gratulujemy \u015bwietnego wyst\u0119pu !!!<\/p>\n\n<p>&nbsp;<\/p>\n","protected":false},"excerpt":{"rendered":"<p>W dniu 27 pa\u017adziernika 2018r. z okazji 100-lecia odzyskania niepodleg\u0142o\u015bci\u00a0 uczestniczka \u00a0CKiW OHP w Tarnowie, Sylwia Florek wzi\u0119\u0142a udzia\u0142 w III Przegl\u0105dzie Pie\u015bni Patriotycznej Uczestnik\u00f3w OHP Wojew\u00f3dztwa Ma\u0142opolskiego wykonuj\u0105c utw\u00f3r pt. \u201ePIECHOTA\u201d. Organizatorem przegl\u0105du by\u0142a \u00a0Ma\u0142opolska Wojew\u00f3dzka Komenda OHP w Krakowie oraz 6-36 Hufiec Pracy w Skomielnej Bia\u0142ej. W tegorocznym przegl\u0105dzie Pie\u015bni Patriotycznej wzi\u0119li udzia\u0142 [&hellip;]<\/p>\n","protected":false},"author":5,"featured_media":0,"comment_status":"closed","ping_status":"closed","sticky":false,"template":"","format":"standard","meta":{"footnotes":""},"categories":[2],"tags":[],"class_list":["post-6791","post","type-post","status-publish","format-standard","hentry","category-aktualnosci"],"_links":{"self":[{"href":"https:\/\/ckiw-tarnow.ohp.pl\/index.php\/wp-json\/wp\/v2\/posts\/6791","targetHints":{"allow":["GET"]}}],"collection":[{"href":"https:\/\/ckiw-tarnow.ohp.pl\/index.php\/wp-json\/wp\/v2\/posts"}],"about":[{"href":"https:\/\/ckiw-tarnow.ohp.pl\/index.php\/wp-json\/wp\/v2\/types\/post"}],"author":[{"embeddable":true,"href":"https:\/\/ckiw-tarnow.ohp.pl\/index.php\/wp-json\/wp\/v2\/users\/5"}],"replies":[{"embeddable":true,"href":"https:\/\/ckiw-tarnow.ohp.pl\/index.php\/wp-json\/wp\/v2\/comments?post=6791"}],"version-history":[{"count":1,"href":"https:\/\/ckiw-tarnow.ohp.pl\/index.php\/wp-json\/wp\/v2\/posts\/6791\/revisions"}],"predecessor-version":[{"id":6805,"href":"https:\/\/ckiw-tarnow.ohp.pl\/index.php\/wp-json\/wp\/v2\/posts\/6791\/revisions\/6805"}],"wp:attachment":[{"href":"https:\/\/ckiw-tarnow.ohp.pl\/index.php\/wp-json\/wp\/v2\/media?parent=6791"}],"wp:term":[{"taxonomy":"category","embeddable":true,"href":"https:\/\/ckiw-tarnow.ohp.pl\/index.php\/wp-json\/wp\/v2\/categories?post=6791"},{"taxonomy":"post_tag","embeddable":true,"href":"https:\/\/ckiw-tarnow.ohp.pl\/index.php\/wp-json\/wp\/v2\/tags?post=6791"}],"curies":[{"name":"wp","href":"https:\/\/api.w.org\/{rel}","templated":true}]}}