{"id":686,"date":"2016-08-01T12:40:17","date_gmt":"2016-08-01T10:40:17","guid":{"rendered":"http:\/\/ckiw-tarnow.ohp.pl\/beta\/?p=686"},"modified":"2016-08-01T13:01:40","modified_gmt":"2016-08-01T11:01:40","slug":"uczestnicy-ckiw-ohp-na-swiatowych-dniach-mlodziezy-w-krakowie","status":"publish","type":"post","link":"https:\/\/ckiw-tarnow.ohp.pl\/index.php\/2016\/08\/01\/uczestnicy-ckiw-ohp-na-swiatowych-dniach-mlodziezy-w-krakowie\/","title":{"rendered":"Uczestnicy CKiW OHP na \u015awiatowych Dniach M\u0142odzie\u017cy w Krakowie"},"content":{"rendered":"<p>W dniach 29 &#8211; 31.07.2016 przedstawiciele CKiW OHP w Tarnowie uczestniczyli w spotkaniu m\u0142odzie\u017cy z ca\u0142ego \u015bwiata z Papie\u017cem Franciszkiem w ramach \u015awiatowych Dni M\u0142odzie\u017cy odbywaj\u0105cych si\u0119 w Krakowie. Nasza delegacja zasili\u0142a blisko 600 &#8211; osobow\u0105 grup\u0119 wolontariuszy z Ochotniczych Hufc\u00f3w Pracy z ca\u0142ego kraju.<br \/>\nW nocy z soboty na niedziel\u0119 nasi uczestnicy wzi\u0119li udzia\u0142 w czuwaniu z Ojcem \u015awi\u0119tym, a w niedziel\u0119 w Mszy \u015awi\u0119tej Pos\u0142ania na Polach Mi\u0142osierdzia, w Brzegach ko\u0142o Wieliczki.<\/p>\n<p>[espro-slider id=697]<\/p>\n<p>\u015awiatowe Dni M\u0142odzie\u017cy by\u0142y dla nas ogromnym prze\u017cyciem \u2013 zgodnie przyznaj\u0105 wolontariusze.<br \/>\n\u2013 To jest wielkie wydarzenie. Zawsze chcia\u0142am w tym wzi\u0105\u0107 udzia\u0142, ale dlatego \u017ce zawsze by\u0142o to organizowane tak daleko, nie mia\u0142am okazji. Teraz, kiedy wszystkie uroczysto\u015bci odbywa\u0142y si\u0119 w Krakowie, nie mog\u0142o mnie tam zabrakn\u0105\u0107 \u2013 m\u00f3wi nasza uczestniczka Joanna Folwarska.<br \/>\n&#8211; Nast\u0119pne spotkanie m\u0142odych z Papie\u017cem odb\u0119dzie w 2019r. w Panamie. Bardzo chcia\u0142abym tam pojecha\u0107 i ponownie zaanga\u017cowa\u0107 si\u0119 w pomoc jako wolontariusz &#8211; m\u00f3wi Patrycja Klasa.<br \/>\n&#8211; Ten niesamowity zryw wiary, \u015bpiewy i ta\u0144ce na ulicach setek tysi\u0119cy m\u0142odych ludzi, ogromna rado\u015b\u0107, wzajemna \u017cyczliwo\u015b\u0107 bez wzgl\u0119du na\u00a0 pochodzenie i narodowo\u015b\u0107,\u00a0 pokazuj\u0105, \u017ce takie spotkania maj\u0105 sens i dobrze by\u0142oby, \u017ceby nadal by\u0142y kontynuowane \u2013 powiedzieli uczestnicy Jaros\u0142aw Liszka i Dariusz Kula.<\/p>\n","protected":false},"excerpt":{"rendered":"<p>W dniach 29 &#8211; 31.07.2016 przedstawiciele CKiW OHP w Tarnowie uczestniczyli w spotkaniu m\u0142odzie\u017cy z ca\u0142ego \u015bwiata z Papie\u017cem Franciszkiem w ramach \u015awiatowych Dni M\u0142odzie\u017cy odbywaj\u0105cych si\u0119 w Krakowie. Nasza delegacja zasili\u0142a blisko 600 &#8211; osobow\u0105 grup\u0119 wolontariuszy z Ochotniczych Hufc\u00f3w Pracy z ca\u0142ego kraju. W nocy z soboty na niedziel\u0119 nasi uczestnicy wzi\u0119li udzia\u0142 [&hellip;]<\/p>\n","protected":false},"author":1,"featured_media":0,"comment_status":"closed","ping_status":"closed","sticky":false,"template":"","format":"standard","meta":{"footnotes":""},"categories":[2],"tags":[],"class_list":["post-686","post","type-post","status-publish","format-standard","hentry","category-aktualnosci"],"_links":{"self":[{"href":"https:\/\/ckiw-tarnow.ohp.pl\/index.php\/wp-json\/wp\/v2\/posts\/686","targetHints":{"allow":["GET"]}}],"collection":[{"href":"https:\/\/ckiw-tarnow.ohp.pl\/index.php\/wp-json\/wp\/v2\/posts"}],"about":[{"href":"https:\/\/ckiw-tarnow.ohp.pl\/index.php\/wp-json\/wp\/v2\/types\/post"}],"author":[{"embeddable":true,"href":"https:\/\/ckiw-tarnow.ohp.pl\/index.php\/wp-json\/wp\/v2\/users\/1"}],"replies":[{"embeddable":true,"href":"https:\/\/ckiw-tarnow.ohp.pl\/index.php\/wp-json\/wp\/v2\/comments?post=686"}],"version-history":[{"count":2,"href":"https:\/\/ckiw-tarnow.ohp.pl\/index.php\/wp-json\/wp\/v2\/posts\/686\/revisions"}],"predecessor-version":[{"id":698,"href":"https:\/\/ckiw-tarnow.ohp.pl\/index.php\/wp-json\/wp\/v2\/posts\/686\/revisions\/698"}],"wp:attachment":[{"href":"https:\/\/ckiw-tarnow.ohp.pl\/index.php\/wp-json\/wp\/v2\/media?parent=686"}],"wp:term":[{"taxonomy":"category","embeddable":true,"href":"https:\/\/ckiw-tarnow.ohp.pl\/index.php\/wp-json\/wp\/v2\/categories?post=686"},{"taxonomy":"post_tag","embeddable":true,"href":"https:\/\/ckiw-tarnow.ohp.pl\/index.php\/wp-json\/wp\/v2\/tags?post=686"}],"curies":[{"name":"wp","href":"https:\/\/api.w.org\/{rel}","templated":true}]}}