{"id":6906,"date":"2018-11-20T12:25:56","date_gmt":"2018-11-20T11:25:56","guid":{"rendered":"http:\/\/ckiw-tarnow.ohp.pl\/?p=6906"},"modified":"2018-11-20T12:25:56","modified_gmt":"2018-11-20T11:25:56","slug":"gala-finalowa-100-bohaterow-na-100-lecie-niepodleglosci","status":"publish","type":"post","link":"https:\/\/ckiw-tarnow.ohp.pl\/index.php\/2018\/11\/20\/gala-finalowa-100-bohaterow-na-100-lecie-niepodleglosci\/","title":{"rendered":"Gala Fina\u0142owa \u201e100 Bohater\u00f3w na 100-lecie Niepodleg\u0142o\u015bci"},"content":{"rendered":"<p>W dniach 13-15 listopada w Lublinie mia\u0142a miejsce uroczysto\u015b\u0107 wr\u0119czenia nagr\u00f3d osobom kt\u00f3re zaj\u0119\u0142y czo\u0142owe miejsca w Og\u00f3lnopolskim konkursie historycznym OHP pt. 100 Bohater\u00f3w na 100-lecie Niepodleg\u0142o\u015bci. Nasza uczestniczka Sylwia Florek zaj\u0119\u0142a 2 miejsce w kategorii \u2013 politycy, tworz\u0105c biogram dotycz\u0105cy Ignacego Jana Paderewskiego.<\/p>\n\n","protected":false},"excerpt":{"rendered":"<p>W dniach 13-15 listopada w Lublinie mia\u0142a miejsce uroczysto\u015b\u0107 wr\u0119czenia nagr\u00f3d osobom kt\u00f3re zaj\u0119\u0142y czo\u0142owe miejsca w Og\u00f3lnopolskim konkursie historycznym OHP pt. 100 Bohater\u00f3w na 100-lecie Niepodleg\u0142o\u015bci. Nasza uczestniczka Sylwia Florek zaj\u0119\u0142a 2 miejsce w kategorii \u2013 politycy, tworz\u0105c biogram dotycz\u0105cy Ignacego Jana Paderewskiego.<\/p>\n","protected":false},"author":5,"featured_media":0,"comment_status":"closed","ping_status":"closed","sticky":false,"template":"","format":"standard","meta":{"footnotes":""},"categories":[2],"tags":[],"class_list":["post-6906","post","type-post","status-publish","format-standard","hentry","category-aktualnosci"],"_links":{"self":[{"href":"https:\/\/ckiw-tarnow.ohp.pl\/index.php\/wp-json\/wp\/v2\/posts\/6906","targetHints":{"allow":["GET"]}}],"collection":[{"href":"https:\/\/ckiw-tarnow.ohp.pl\/index.php\/wp-json\/wp\/v2\/posts"}],"about":[{"href":"https:\/\/ckiw-tarnow.ohp.pl\/index.php\/wp-json\/wp\/v2\/types\/post"}],"author":[{"embeddable":true,"href":"https:\/\/ckiw-tarnow.ohp.pl\/index.php\/wp-json\/wp\/v2\/users\/5"}],"replies":[{"embeddable":true,"href":"https:\/\/ckiw-tarnow.ohp.pl\/index.php\/wp-json\/wp\/v2\/comments?post=6906"}],"version-history":[{"count":1,"href":"https:\/\/ckiw-tarnow.ohp.pl\/index.php\/wp-json\/wp\/v2\/posts\/6906\/revisions"}],"predecessor-version":[{"id":6914,"href":"https:\/\/ckiw-tarnow.ohp.pl\/index.php\/wp-json\/wp\/v2\/posts\/6906\/revisions\/6914"}],"wp:attachment":[{"href":"https:\/\/ckiw-tarnow.ohp.pl\/index.php\/wp-json\/wp\/v2\/media?parent=6906"}],"wp:term":[{"taxonomy":"category","embeddable":true,"href":"https:\/\/ckiw-tarnow.ohp.pl\/index.php\/wp-json\/wp\/v2\/categories?post=6906"},{"taxonomy":"post_tag","embeddable":true,"href":"https:\/\/ckiw-tarnow.ohp.pl\/index.php\/wp-json\/wp\/v2\/tags?post=6906"}],"curies":[{"name":"wp","href":"https:\/\/api.w.org\/{rel}","templated":true}]}}