{"id":7150,"date":"2018-12-18T14:13:29","date_gmt":"2018-12-18T13:13:29","guid":{"rendered":"http:\/\/ckiw-tarnow.ohp.pl\/?p=7150"},"modified":"2018-12-18T14:13:29","modified_gmt":"2018-12-18T13:13:29","slug":"zycie-jest-cudem","status":"publish","type":"post","link":"https:\/\/ckiw-tarnow.ohp.pl\/index.php\/2018\/12\/18\/zycie-jest-cudem\/","title":{"rendered":"\u017bycie jest cudem."},"content":{"rendered":"<p>17 grudnia 2018 r. uczestnicy Centrum Kszta\u0142cenia i Wychowania OHP w Tarnowie, kadra opieku\u0144czo-wychowawcza oraz zaproszeni go\u015bcie przybyli na spotkanie wigilijne.\u00a0 W\u015br\u00f3d go\u015bci znale\u017ali si\u0119 Dyrektor Zespo\u0142u Szk\u00f3l Niepublicznych w Tarnowie Pani Anna Bieniasz,\u00a0 katecheta szko\u0142y ksi\u0105dz Piotr Pasek. W tym roku z okazji \u015awi\u0105t Bo\u017cego Narodzenia Ochotnicze Hufce Pracy realizuj\u0105 projekt \u201e\u017bycie jest cudem. Bo\u017ce Narodzenie w rodzinie OHP\u201d, nad kt\u00f3rym patronat honorowy obj\u0105\u0142 sekretarz stanu w Ministerstwie Rodziny, Pracy i Polityki Spo\u0142ecznej Stanis\u0142aw Szwed. W realizacji projektu Komendant G\u0142\u00f3wny OHP Pan Bogdan \u015acibut ufundowa\u0142 dzieciom uczestniczek OHP \u015bwi\u0105teczne upominki oraz skierowa\u0142 do matek \u0142\u0105cz\u0105cych szkolenie w OHP z opiek\u0105 nad dzieckiem okoliczno\u015bciowe adresy.<\/p>\n<p>Spotkanie otworzy\u0142 Dyrektor tarnowskiego Centrum Pan Andrzej Mizera, nast\u0119pnie grupa uczestnik\u00f3w przedstawi\u0142a cz\u0119\u015b\u0107 artystyczn\u0105 przybli\u017caj\u0105c tradycj\u0119 \u015awi\u0105t Bo\u017cego Narodzenia. Przyby\u0142y na miejsce spotkania \u015awi\u0119ty Miko\u0142aj uroczy\u015bcie wr\u0119czy\u0142 dzieciom lub w zast\u0119pstwie ich mamom przekazane przez Komendanta G\u0142\u00f3wnego OHP prezenty i \u015bwi\u0105teczne \u017cyczenia.<\/p>\n<p>Przy d\u017awi\u0119kach kol\u0119d, po wzajemnych \u017cyczeniach, wszyscy zebrani zasiedli\u00a0 do wigilijnego sto\u0142u.<\/p>\n\n","protected":false},"excerpt":{"rendered":"<p>17 grudnia 2018 r. uczestnicy Centrum Kszta\u0142cenia i Wychowania OHP w Tarnowie, kadra opieku\u0144czo-wychowawcza oraz zaproszeni go\u015bcie przybyli na spotkanie wigilijne.\u00a0 W\u015br\u00f3d go\u015bci znale\u017ali si\u0119 Dyrektor Zespo\u0142u Szk\u00f3l Niepublicznych w Tarnowie Pani Anna Bieniasz,\u00a0 katecheta szko\u0142y ksi\u0105dz Piotr Pasek. W tym roku z okazji \u015awi\u0105t Bo\u017cego Narodzenia Ochotnicze Hufce Pracy realizuj\u0105 projekt \u201e\u017bycie jest cudem. [&hellip;]<\/p>\n","protected":false},"author":5,"featured_media":0,"comment_status":"closed","ping_status":"closed","sticky":false,"template":"","format":"standard","meta":{"footnotes":""},"categories":[2],"tags":[],"class_list":["post-7150","post","type-post","status-publish","format-standard","hentry","category-aktualnosci"],"_links":{"self":[{"href":"https:\/\/ckiw-tarnow.ohp.pl\/index.php\/wp-json\/wp\/v2\/posts\/7150","targetHints":{"allow":["GET"]}}],"collection":[{"href":"https:\/\/ckiw-tarnow.ohp.pl\/index.php\/wp-json\/wp\/v2\/posts"}],"about":[{"href":"https:\/\/ckiw-tarnow.ohp.pl\/index.php\/wp-json\/wp\/v2\/types\/post"}],"author":[{"embeddable":true,"href":"https:\/\/ckiw-tarnow.ohp.pl\/index.php\/wp-json\/wp\/v2\/users\/5"}],"replies":[{"embeddable":true,"href":"https:\/\/ckiw-tarnow.ohp.pl\/index.php\/wp-json\/wp\/v2\/comments?post=7150"}],"version-history":[{"count":1,"href":"https:\/\/ckiw-tarnow.ohp.pl\/index.php\/wp-json\/wp\/v2\/posts\/7150\/revisions"}],"predecessor-version":[{"id":7157,"href":"https:\/\/ckiw-tarnow.ohp.pl\/index.php\/wp-json\/wp\/v2\/posts\/7150\/revisions\/7157"}],"wp:attachment":[{"href":"https:\/\/ckiw-tarnow.ohp.pl\/index.php\/wp-json\/wp\/v2\/media?parent=7150"}],"wp:term":[{"taxonomy":"category","embeddable":true,"href":"https:\/\/ckiw-tarnow.ohp.pl\/index.php\/wp-json\/wp\/v2\/categories?post=7150"},{"taxonomy":"post_tag","embeddable":true,"href":"https:\/\/ckiw-tarnow.ohp.pl\/index.php\/wp-json\/wp\/v2\/tags?post=7150"}],"curies":[{"name":"wp","href":"https:\/\/api.w.org\/{rel}","templated":true}]}}