{"id":7173,"date":"2019-01-08T12:25:27","date_gmt":"2019-01-08T11:25:27","guid":{"rendered":"http:\/\/ckiw-tarnow.ohp.pl\/?p=7173"},"modified":"2019-01-08T12:25:27","modified_gmt":"2019-01-08T11:25:27","slug":"uczestnicy-ckiw-tarnow-w-orszaku-trzech-kroli","status":"publish","type":"post","link":"https:\/\/ckiw-tarnow.ohp.pl\/index.php\/2019\/01\/08\/uczestnicy-ckiw-tarnow-w-orszaku-trzech-kroli\/","title":{"rendered":"Uczestnicy CKiW Tarn\u00f3w w Orszaku Trzech Kr\u00f3li"},"content":{"rendered":"<p>Ju\u017c po raz si\u00f3dmy ulicami Tarnowa przeszed\u0142 Orszak Trzech Kr\u00f3li. W niedzielne po\u0142udnie 06.01.2019 r. opr\u00f3cz trzech m\u0119drc\u00f3w i postaci biblijnych w korowodzie\u00a0 licznie wzi\u0119li udzia\u0142 mieszka\u0144cy. Na Placu Katedralnym uczestnikom orszaku zosta\u0142y rozdane\u00a0 korony oraz okoliczno\u015bciowe \u015bpiewniki. Orszak Trzech Kr\u00f3li wyruszy\u0142 ok. godz. 13.00 spod Bazyliki Katedralnej po mszy \u015bw. celebrowanej przez biskupa Andrzeja Je\u017ca \u00a0i ulicami tarnowskiej Star\u00f3wki dotar\u0142 do klasztoru OO. Bernardyn\u00f3w. Tam odby\u0142o si\u0119 wsp\u00f3lne kol\u0119dowanie oraz koncerty zespo\u0142\u00f3w muzycznych. W orszaku znale\u017ali si\u0119 r\u00f3wnie\u017c uczestnicy tarnowskiego Centrum Kszta\u0142cenia i Wychowania OHP pod opiek\u0105 wychowawcy.<\/p>\n\n\t\t<style type=\"text\/css\">\n\t\t\t#gallery-1 {\n\t\t\t\tmargin: auto;\n\t\t\t}\n\t\t\t#gallery-1 .gallery-item {\n\t\t\t\tfloat: left;\n\t\t\t\tmargin-top: 10px;\n\t\t\t\ttext-align: center;\n\t\t\t\twidth: 33%;\n\t\t\t}\n\t\t\t#gallery-1 img {\n\t\t\t\tborder: 2px solid #cfcfcf;\n\t\t\t}\n\t\t\t#gallery-1 .gallery-caption {\n\t\t\t\tmargin-left: 0;\n\t\t\t}\n\t\t\t\/* see gallery_shortcode() in wp-includes\/media.php *\/\n\t\t<\/style>\n\t\t<div id='gallery-1' class='gallery galleryid-7173 gallery-columns-3 gallery-size-full'><dl class='gallery-item'>\n\t\t\t<dt class='gallery-icon landscape'>\n\t\t\t\t<a href='https:\/\/ckiw-tarnow.ohp.pl\/index.php\/2019\/01\/08\/uczestnicy-ckiw-tarnow-w-orszaku-trzech-kroli\/dscn8443\/'><img loading=\"lazy\" decoding=\"async\" width=\"4608\" height=\"3456\" src=\"https:\/\/ckiw-tarnow.ohp.pl\/wp-content\/uploads\/2019\/01\/DSCN8443.jpg\" class=\"attachment-full size-full\" alt=\"\" srcset=\"https:\/\/ckiw-tarnow.ohp.pl\/wp-content\/uploads\/2019\/01\/DSCN8443.jpg 4608w, https:\/\/ckiw-tarnow.ohp.pl\/wp-content\/uploads\/2019\/01\/DSCN8443-300x225.jpg 300w, https:\/\/ckiw-tarnow.ohp.pl\/wp-content\/uploads\/2019\/01\/DSCN8443-768x576.jpg 768w, https:\/\/ckiw-tarnow.ohp.pl\/wp-content\/uploads\/2019\/01\/DSCN8443-1024x768.jpg 1024w\" sizes=\"auto, (max-width: 4608px) 100vw, 4608px\" \/><\/a>\n\t\t\t<\/dt><\/dl>\n\t\t\t<br style='clear: both' \/>\n\t\t<\/div>\n\n","protected":false},"excerpt":{"rendered":"<p>Ju\u017c po raz si\u00f3dmy ulicami Tarnowa przeszed\u0142 Orszak Trzech Kr\u00f3li. W niedzielne po\u0142udnie 06.01.2019 r. opr\u00f3cz trzech m\u0119drc\u00f3w i postaci biblijnych w korowodzie\u00a0 licznie wzi\u0119li udzia\u0142 mieszka\u0144cy. Na Placu Katedralnym uczestnikom orszaku zosta\u0142y rozdane\u00a0 korony oraz okoliczno\u015bciowe \u015bpiewniki. Orszak Trzech Kr\u00f3li wyruszy\u0142 ok. godz. 13.00 spod Bazyliki Katedralnej po mszy \u015bw. celebrowanej przez biskupa Andrzeja [&hellip;]<\/p>\n","protected":false},"author":5,"featured_media":0,"comment_status":"closed","ping_status":"closed","sticky":false,"template":"","format":"standard","meta":{"footnotes":""},"categories":[2],"tags":[],"class_list":["post-7173","post","type-post","status-publish","format-standard","hentry","category-aktualnosci"],"_links":{"self":[{"href":"https:\/\/ckiw-tarnow.ohp.pl\/index.php\/wp-json\/wp\/v2\/posts\/7173","targetHints":{"allow":["GET"]}}],"collection":[{"href":"https:\/\/ckiw-tarnow.ohp.pl\/index.php\/wp-json\/wp\/v2\/posts"}],"about":[{"href":"https:\/\/ckiw-tarnow.ohp.pl\/index.php\/wp-json\/wp\/v2\/types\/post"}],"author":[{"embeddable":true,"href":"https:\/\/ckiw-tarnow.ohp.pl\/index.php\/wp-json\/wp\/v2\/users\/5"}],"replies":[{"embeddable":true,"href":"https:\/\/ckiw-tarnow.ohp.pl\/index.php\/wp-json\/wp\/v2\/comments?post=7173"}],"version-history":[{"count":1,"href":"https:\/\/ckiw-tarnow.ohp.pl\/index.php\/wp-json\/wp\/v2\/posts\/7173\/revisions"}],"predecessor-version":[{"id":7188,"href":"https:\/\/ckiw-tarnow.ohp.pl\/index.php\/wp-json\/wp\/v2\/posts\/7173\/revisions\/7188"}],"wp:attachment":[{"href":"https:\/\/ckiw-tarnow.ohp.pl\/index.php\/wp-json\/wp\/v2\/media?parent=7173"}],"wp:term":[{"taxonomy":"category","embeddable":true,"href":"https:\/\/ckiw-tarnow.ohp.pl\/index.php\/wp-json\/wp\/v2\/categories?post=7173"},{"taxonomy":"post_tag","embeddable":true,"href":"https:\/\/ckiw-tarnow.ohp.pl\/index.php\/wp-json\/wp\/v2\/tags?post=7173"}],"curies":[{"name":"wp","href":"https:\/\/api.w.org\/{rel}","templated":true}]}}