{"id":7238,"date":"2019-02-11T10:03:28","date_gmt":"2019-02-11T09:03:28","guid":{"rendered":"http:\/\/ckiw-tarnow.ohp.pl\/?p=7238"},"modified":"2019-02-11T10:03:28","modified_gmt":"2019-02-11T09:03:28","slug":"fryzjerki-z-ckiw-ohp-tarnow-w-akademii-aktywnosci","status":"publish","type":"post","link":"https:\/\/ckiw-tarnow.ohp.pl\/index.php\/2019\/02\/11\/fryzjerki-z-ckiw-ohp-tarnow-w-akademii-aktywnosci\/","title":{"rendered":"Fryzjerki z CKiW OHP Tarn\u00f3w w Akademii Aktywno\u015bci"},"content":{"rendered":"<p>Dawanie rado\u015bci innym, to nasza specjalno\u015b\u0107. W pi\u0105tek 8 lutego fryzjerki z Naszego Centrum wraz ze swoj\u0105 opiekunk\u0105 Danut\u0105 Herdu\u015b uda\u0142y si\u0119 do Plac\u00f3wki Wsparcia Dziennego \u201eAkademia Aktywno\u015bci\u201d gdzie aktywnie sp\u0119dzi\u0142y one czas robi\u0105c dzieciakom przepi\u0119kne fryzury.<\/p>\n<p>Rado\u015b\u0107 dzieciak\u00f3w by\u0142a ogromna, ka\u017cdy chcia\u0142 zasi\u0105\u015b\u0107 pierwszy by podda\u0107 si\u0119 czarom i magii fryzjerskich r\u0105k, a te na g\u0142owach najm\u0142odszych wyczarowywa\u0142y loki, fale, grzywki i wspania\u0142e upi\u0119cia. Rado\u015b\u0107 i u\u015bmiech go\u015bci\u0142 zar\u00f3wno na twarzach dzieci jak i fryzjerek.<\/p>\n<p>Jest to ju\u017c kolejna taka inicjatywa Centrum Kszta\u0142cenia i Wychowania OHP Tarn\u00f3w we wsp\u00f3\u0142pracy z Zespo\u0142em Szk\u00f3\u0142 Niepublicznych i s\u0105 te\u017c ju\u017c pomys\u0142y na nast\u0119pne.<\/p>\n","protected":false},"excerpt":{"rendered":"<p>Dawanie rado\u015bci innym, to nasza specjalno\u015b\u0107. W pi\u0105tek 8 lutego fryzjerki z Naszego Centrum wraz ze swoj\u0105 opiekunk\u0105 Danut\u0105 Herdu\u015b uda\u0142y si\u0119 do Plac\u00f3wki Wsparcia Dziennego \u201eAkademia Aktywno\u015bci\u201d gdzie aktywnie sp\u0119dzi\u0142y one czas robi\u0105c dzieciakom przepi\u0119kne fryzury. Rado\u015b\u0107 dzieciak\u00f3w by\u0142a ogromna, ka\u017cdy chcia\u0142 zasi\u0105\u015b\u0107 pierwszy by podda\u0107 si\u0119 czarom i magii fryzjerskich r\u0105k, a te [&hellip;]<\/p>\n","protected":false},"author":5,"featured_media":7239,"comment_status":"closed","ping_status":"closed","sticky":false,"template":"","format":"standard","meta":{"footnotes":""},"categories":[2],"tags":[],"class_list":["post-7238","post","type-post","status-publish","format-standard","has-post-thumbnail","hentry","category-aktualnosci"],"_links":{"self":[{"href":"https:\/\/ckiw-tarnow.ohp.pl\/index.php\/wp-json\/wp\/v2\/posts\/7238","targetHints":{"allow":["GET"]}}],"collection":[{"href":"https:\/\/ckiw-tarnow.ohp.pl\/index.php\/wp-json\/wp\/v2\/posts"}],"about":[{"href":"https:\/\/ckiw-tarnow.ohp.pl\/index.php\/wp-json\/wp\/v2\/types\/post"}],"author":[{"embeddable":true,"href":"https:\/\/ckiw-tarnow.ohp.pl\/index.php\/wp-json\/wp\/v2\/users\/5"}],"replies":[{"embeddable":true,"href":"https:\/\/ckiw-tarnow.ohp.pl\/index.php\/wp-json\/wp\/v2\/comments?post=7238"}],"version-history":[{"count":1,"href":"https:\/\/ckiw-tarnow.ohp.pl\/index.php\/wp-json\/wp\/v2\/posts\/7238\/revisions"}],"predecessor-version":[{"id":7240,"href":"https:\/\/ckiw-tarnow.ohp.pl\/index.php\/wp-json\/wp\/v2\/posts\/7238\/revisions\/7240"}],"wp:featuredmedia":[{"embeddable":true,"href":"https:\/\/ckiw-tarnow.ohp.pl\/index.php\/wp-json\/wp\/v2\/media\/7239"}],"wp:attachment":[{"href":"https:\/\/ckiw-tarnow.ohp.pl\/index.php\/wp-json\/wp\/v2\/media?parent=7238"}],"wp:term":[{"taxonomy":"category","embeddable":true,"href":"https:\/\/ckiw-tarnow.ohp.pl\/index.php\/wp-json\/wp\/v2\/categories?post=7238"},{"taxonomy":"post_tag","embeddable":true,"href":"https:\/\/ckiw-tarnow.ohp.pl\/index.php\/wp-json\/wp\/v2\/tags?post=7238"}],"curies":[{"name":"wp","href":"https:\/\/api.w.org\/{rel}","templated":true}]}}