{"id":7350,"date":"2019-03-11T15:09:41","date_gmt":"2019-03-11T14:09:41","guid":{"rendered":"http:\/\/ckiw-tarnow.ohp.pl\/?p=7350"},"modified":"2019-03-11T15:09:41","modified_gmt":"2019-03-11T14:09:41","slug":"kolejne-urodziny-tarnowa","status":"publish","type":"post","link":"https:\/\/ckiw-tarnow.ohp.pl\/index.php\/2019\/03\/11\/kolejne-urodziny-tarnowa\/","title":{"rendered":"Kolejne urodziny Tarnowa"},"content":{"rendered":"<p>W miniony weekend nasze miasto \u015bwi\u0119towa\u0142o kolejne, tym razem ju\u017c 689 urodziny.<\/p>\n<p>Uroczysto\u015bci odbywa\u0142y si\u0119 na tarnowskim Rynku i oczywi\u015bcie nie mog\u0142o na nich zabrakn\u0105\u0107 uczestnik\u00f3w naszego Centrum.<\/p>\n<p>Podczas Biesiady Rycerskiej nie zabrak\u0142o tortu urodzinowego, kt\u00f3rym r\u00f3wnie\u017c zostali pocz\u0119stowani nasi uczestnicy.<\/p>\n\n\t\t<style type=\"text\/css\">\n\t\t\t#gallery-1 {\n\t\t\t\tmargin: auto;\n\t\t\t}\n\t\t\t#gallery-1 .gallery-item {\n\t\t\t\tfloat: left;\n\t\t\t\tmargin-top: 10px;\n\t\t\t\ttext-align: center;\n\t\t\t\twidth: 33%;\n\t\t\t}\n\t\t\t#gallery-1 img {\n\t\t\t\tborder: 2px solid #cfcfcf;\n\t\t\t}\n\t\t\t#gallery-1 .gallery-caption {\n\t\t\t\tmargin-left: 0;\n\t\t\t}\n\t\t\t\/* see gallery_shortcode() in wp-includes\/media.php *\/\n\t\t<\/style>\n\t\t<div id='gallery-1' class='gallery galleryid-7350 gallery-columns-3 gallery-size-full'><dl class='gallery-item'>\n\t\t\t<dt class='gallery-icon portrait'>\n\t\t\t\t<a href='https:\/\/ckiw-tarnow.ohp.pl\/index.php\/2019\/03\/11\/kolejne-urodziny-tarnowa\/53536656_315758752476541_1507869718051028992_n\/'><img loading=\"lazy\" decoding=\"async\" width=\"480\" height=\"800\" src=\"https:\/\/ckiw-tarnow.ohp.pl\/wp-content\/uploads\/2019\/03\/53536656_315758752476541_1507869718051028992_n.jpg\" class=\"attachment-full size-full\" alt=\"\" srcset=\"https:\/\/ckiw-tarnow.ohp.pl\/wp-content\/uploads\/2019\/03\/53536656_315758752476541_1507869718051028992_n.jpg 480w, https:\/\/ckiw-tarnow.ohp.pl\/wp-content\/uploads\/2019\/03\/53536656_315758752476541_1507869718051028992_n-180x300.jpg 180w\" sizes=\"auto, (max-width: 480px) 100vw, 480px\" \/><\/a>\n\t\t\t<\/dt><\/dl><dl class='gallery-item'>\n\t\t\t<dt class='gallery-icon portrait'>\n\t\t\t\t<a href='https:\/\/ckiw-tarnow.ohp.pl\/index.php\/2019\/03\/11\/kolejne-urodziny-tarnowa\/53881454_506898366503959_5456057381727240192_n\/'><img loading=\"lazy\" decoding=\"async\" width=\"480\" height=\"800\" src=\"https:\/\/ckiw-tarnow.ohp.pl\/wp-content\/uploads\/2019\/03\/53881454_506898366503959_5456057381727240192_n.jpg\" class=\"attachment-full size-full\" alt=\"\" srcset=\"https:\/\/ckiw-tarnow.ohp.pl\/wp-content\/uploads\/2019\/03\/53881454_506898366503959_5456057381727240192_n.jpg 480w, https:\/\/ckiw-tarnow.ohp.pl\/wp-content\/uploads\/2019\/03\/53881454_506898366503959_5456057381727240192_n-180x300.jpg 180w\" sizes=\"auto, (max-width: 480px) 100vw, 480px\" \/><\/a>\n\t\t\t<\/dt><\/dl><dl class='gallery-item'>\n\t\t\t<dt class='gallery-icon portrait'>\n\t\t\t\t<a href='https:\/\/ckiw-tarnow.ohp.pl\/index.php\/2019\/03\/11\/kolejne-urodziny-tarnowa\/54403603_259586244959295_9146115857351442432_n\/'><img loading=\"lazy\" decoding=\"async\" width=\"480\" height=\"800\" src=\"https:\/\/ckiw-tarnow.ohp.pl\/wp-content\/uploads\/2019\/03\/54403603_259586244959295_9146115857351442432_n.jpg\" class=\"attachment-full size-full\" alt=\"\" srcset=\"https:\/\/ckiw-tarnow.ohp.pl\/wp-content\/uploads\/2019\/03\/54403603_259586244959295_9146115857351442432_n.jpg 480w, https:\/\/ckiw-tarnow.ohp.pl\/wp-content\/uploads\/2019\/03\/54403603_259586244959295_9146115857351442432_n-180x300.jpg 180w\" sizes=\"auto, (max-width: 480px) 100vw, 480px\" \/><\/a>\n\t\t\t<\/dt><\/dl><br style=\"clear: both\" \/>\n\t\t<\/div>\n\n<p>&nbsp;<\/p>\n","protected":false},"excerpt":{"rendered":"<p>W miniony weekend nasze miasto \u015bwi\u0119towa\u0142o kolejne, tym razem ju\u017c 689 urodziny. Uroczysto\u015bci odbywa\u0142y si\u0119 na tarnowskim Rynku i oczywi\u015bcie nie mog\u0142o na nich zabrakn\u0105\u0107 uczestnik\u00f3w naszego Centrum. Podczas Biesiady Rycerskiej nie zabrak\u0142o tortu urodzinowego, kt\u00f3rym r\u00f3wnie\u017c zostali pocz\u0119stowani nasi uczestnicy. &nbsp;<\/p>\n","protected":false},"author":5,"featured_media":7351,"comment_status":"closed","ping_status":"closed","sticky":false,"template":"","format":"standard","meta":{"footnotes":""},"categories":[2],"tags":[],"class_list":["post-7350","post","type-post","status-publish","format-standard","has-post-thumbnail","hentry","category-aktualnosci"],"_links":{"self":[{"href":"https:\/\/ckiw-tarnow.ohp.pl\/index.php\/wp-json\/wp\/v2\/posts\/7350","targetHints":{"allow":["GET"]}}],"collection":[{"href":"https:\/\/ckiw-tarnow.ohp.pl\/index.php\/wp-json\/wp\/v2\/posts"}],"about":[{"href":"https:\/\/ckiw-tarnow.ohp.pl\/index.php\/wp-json\/wp\/v2\/types\/post"}],"author":[{"embeddable":true,"href":"https:\/\/ckiw-tarnow.ohp.pl\/index.php\/wp-json\/wp\/v2\/users\/5"}],"replies":[{"embeddable":true,"href":"https:\/\/ckiw-tarnow.ohp.pl\/index.php\/wp-json\/wp\/v2\/comments?post=7350"}],"version-history":[{"count":1,"href":"https:\/\/ckiw-tarnow.ohp.pl\/index.php\/wp-json\/wp\/v2\/posts\/7350\/revisions"}],"predecessor-version":[{"id":7355,"href":"https:\/\/ckiw-tarnow.ohp.pl\/index.php\/wp-json\/wp\/v2\/posts\/7350\/revisions\/7355"}],"wp:featuredmedia":[{"embeddable":true,"href":"https:\/\/ckiw-tarnow.ohp.pl\/index.php\/wp-json\/wp\/v2\/media\/7351"}],"wp:attachment":[{"href":"https:\/\/ckiw-tarnow.ohp.pl\/index.php\/wp-json\/wp\/v2\/media?parent=7350"}],"wp:term":[{"taxonomy":"category","embeddable":true,"href":"https:\/\/ckiw-tarnow.ohp.pl\/index.php\/wp-json\/wp\/v2\/categories?post=7350"},{"taxonomy":"post_tag","embeddable":true,"href":"https:\/\/ckiw-tarnow.ohp.pl\/index.php\/wp-json\/wp\/v2\/tags?post=7350"}],"curies":[{"name":"wp","href":"https:\/\/api.w.org\/{rel}","templated":true}]}}