{"id":7530,"date":"2019-04-26T10:41:15","date_gmt":"2019-04-26T08:41:15","guid":{"rendered":"http:\/\/ckiw-tarnow.ohp.pl\/?p=7530"},"modified":"2019-04-26T10:41:15","modified_gmt":"2019-04-26T08:41:15","slug":"targi-edukacyjne-w-szaflarach","status":"publish","type":"post","link":"https:\/\/ckiw-tarnow.ohp.pl\/index.php\/2019\/04\/26\/targi-edukacyjne-w-szaflarach\/","title":{"rendered":"Targi Edukacyjne w Szaflarach"},"content":{"rendered":"<p>W czwartek 25 kwietnia odby\u0142a si\u0119 czwarta edycja Targ\u00f3w Edukacyjnych \u201eOd edukacji do pracy\u201d zorganizowanych przez Szko\u0142\u0119 Podstawow\u0105 im. A. Suskiego w Szaflarach. Targi odby\u0142y si\u0119 w sali gimnastycznej, gdzie by\u0142y przygotowane stoiska dla poszczeg\u00f3lnych plac\u00f3wek. Targi Edukacyjne skierowane by\u0142y dla uczni\u00f3w ostatnich klas gimnazjum i szko\u0142y podstawowej. R\u00f3wnie\u017c przedstawiciele CKiW OHP w Tarnowie prezentowali tam ofert\u0119 plac\u00f3wki na nowy rok szkolny.<\/p>\n\n\t\t<style type=\"text\/css\">\n\t\t\t#gallery-1 {\n\t\t\t\tmargin: auto;\n\t\t\t}\n\t\t\t#gallery-1 .gallery-item {\n\t\t\t\tfloat: left;\n\t\t\t\tmargin-top: 10px;\n\t\t\t\ttext-align: center;\n\t\t\t\twidth: 33%;\n\t\t\t}\n\t\t\t#gallery-1 img {\n\t\t\t\tborder: 2px solid #cfcfcf;\n\t\t\t}\n\t\t\t#gallery-1 .gallery-caption {\n\t\t\t\tmargin-left: 0;\n\t\t\t}\n\t\t\t\/* see gallery_shortcode() in wp-includes\/media.php *\/\n\t\t<\/style>\n\t\t<div id='gallery-1' class='gallery galleryid-7530 gallery-columns-3 gallery-size-full'><dl class='gallery-item'>\n\t\t\t<dt class='gallery-icon landscape'>\n\t\t\t\t<a href='https:\/\/ckiw-tarnow.ohp.pl\/index.php\/2019\/04\/26\/targi-edukacyjne-w-szaflarach\/20190425_111519\/'><img loading=\"lazy\" decoding=\"async\" width=\"4608\" height=\"2240\" src=\"https:\/\/ckiw-tarnow.ohp.pl\/wp-content\/uploads\/2019\/04\/20190425_111519.jpg\" class=\"attachment-full size-full\" alt=\"\" srcset=\"https:\/\/ckiw-tarnow.ohp.pl\/wp-content\/uploads\/2019\/04\/20190425_111519.jpg 4608w, https:\/\/ckiw-tarnow.ohp.pl\/wp-content\/uploads\/2019\/04\/20190425_111519-300x146.jpg 300w, https:\/\/ckiw-tarnow.ohp.pl\/wp-content\/uploads\/2019\/04\/20190425_111519-768x373.jpg 768w, https:\/\/ckiw-tarnow.ohp.pl\/wp-content\/uploads\/2019\/04\/20190425_111519-1024x498.jpg 1024w\" sizes=\"auto, (max-width: 4608px) 100vw, 4608px\" \/><\/a>\n\t\t\t<\/dt><\/dl><dl class='gallery-item'>\n\t\t\t<dt class='gallery-icon landscape'>\n\t\t\t\t<a href='https:\/\/ckiw-tarnow.ohp.pl\/index.php\/2019\/04\/26\/targi-edukacyjne-w-szaflarach\/20190425_111642\/'><img loading=\"lazy\" decoding=\"async\" width=\"4608\" height=\"2240\" src=\"https:\/\/ckiw-tarnow.ohp.pl\/wp-content\/uploads\/2019\/04\/20190425_111642.jpg\" class=\"attachment-full size-full\" alt=\"\" srcset=\"https:\/\/ckiw-tarnow.ohp.pl\/wp-content\/uploads\/2019\/04\/20190425_111642.jpg 4608w, https:\/\/ckiw-tarnow.ohp.pl\/wp-content\/uploads\/2019\/04\/20190425_111642-300x146.jpg 300w, https:\/\/ckiw-tarnow.ohp.pl\/wp-content\/uploads\/2019\/04\/20190425_111642-768x373.jpg 768w, https:\/\/ckiw-tarnow.ohp.pl\/wp-content\/uploads\/2019\/04\/20190425_111642-1024x498.jpg 1024w\" sizes=\"auto, (max-width: 4608px) 100vw, 4608px\" \/><\/a>\n\t\t\t<\/dt><\/dl><dl class='gallery-item'>\n\t\t\t<dt class='gallery-icon landscape'>\n\t\t\t\t<a href='https:\/\/ckiw-tarnow.ohp.pl\/index.php\/2019\/04\/26\/targi-edukacyjne-w-szaflarach\/20190425_113427\/'><img loading=\"lazy\" decoding=\"async\" width=\"4608\" height=\"2240\" src=\"https:\/\/ckiw-tarnow.ohp.pl\/wp-content\/uploads\/2019\/04\/20190425_113427.jpg\" class=\"attachment-full size-full\" alt=\"\" srcset=\"https:\/\/ckiw-tarnow.ohp.pl\/wp-content\/uploads\/2019\/04\/20190425_113427.jpg 4608w, https:\/\/ckiw-tarnow.ohp.pl\/wp-content\/uploads\/2019\/04\/20190425_113427-300x146.jpg 300w, https:\/\/ckiw-tarnow.ohp.pl\/wp-content\/uploads\/2019\/04\/20190425_113427-768x373.jpg 768w, https:\/\/ckiw-tarnow.ohp.pl\/wp-content\/uploads\/2019\/04\/20190425_113427-1024x498.jpg 1024w\" sizes=\"auto, (max-width: 4608px) 100vw, 4608px\" \/><\/a>\n\t\t\t<\/dt><\/dl><br style=\"clear: both\" \/><dl class='gallery-item'>\n\t\t\t<dt class='gallery-icon landscape'>\n\t\t\t\t<a href='https:\/\/ckiw-tarnow.ohp.pl\/index.php\/2019\/04\/26\/targi-edukacyjne-w-szaflarach\/20190425_113552\/'><img loading=\"lazy\" decoding=\"async\" width=\"4608\" height=\"2240\" src=\"https:\/\/ckiw-tarnow.ohp.pl\/wp-content\/uploads\/2019\/04\/20190425_113552.jpg\" class=\"attachment-full size-full\" alt=\"\" srcset=\"https:\/\/ckiw-tarnow.ohp.pl\/wp-content\/uploads\/2019\/04\/20190425_113552.jpg 4608w, https:\/\/ckiw-tarnow.ohp.pl\/wp-content\/uploads\/2019\/04\/20190425_113552-300x146.jpg 300w, https:\/\/ckiw-tarnow.ohp.pl\/wp-content\/uploads\/2019\/04\/20190425_113552-768x373.jpg 768w, https:\/\/ckiw-tarnow.ohp.pl\/wp-content\/uploads\/2019\/04\/20190425_113552-1024x498.jpg 1024w\" sizes=\"auto, (max-width: 4608px) 100vw, 4608px\" \/><\/a>\n\t\t\t<\/dt><\/dl><dl class='gallery-item'>\n\t\t\t<dt class='gallery-icon landscape'>\n\t\t\t\t<a href='https:\/\/ckiw-tarnow.ohp.pl\/index.php\/2019\/04\/26\/targi-edukacyjne-w-szaflarach\/20190425_114235\/'><img loading=\"lazy\" decoding=\"async\" width=\"4608\" height=\"2240\" src=\"https:\/\/ckiw-tarnow.ohp.pl\/wp-content\/uploads\/2019\/04\/20190425_114235.jpg\" class=\"attachment-full size-full\" alt=\"\" srcset=\"https:\/\/ckiw-tarnow.ohp.pl\/wp-content\/uploads\/2019\/04\/20190425_114235.jpg 4608w, https:\/\/ckiw-tarnow.ohp.pl\/wp-content\/uploads\/2019\/04\/20190425_114235-300x146.jpg 300w, https:\/\/ckiw-tarnow.ohp.pl\/wp-content\/uploads\/2019\/04\/20190425_114235-768x373.jpg 768w, https:\/\/ckiw-tarnow.ohp.pl\/wp-content\/uploads\/2019\/04\/20190425_114235-1024x498.jpg 1024w\" sizes=\"auto, (max-width: 4608px) 100vw, 4608px\" \/><\/a>\n\t\t\t<\/dt><\/dl><dl class='gallery-item'>\n\t\t\t<dt class='gallery-icon landscape'>\n\t\t\t\t<a href='https:\/\/ckiw-tarnow.ohp.pl\/index.php\/2019\/04\/26\/targi-edukacyjne-w-szaflarach\/20190425_114514\/'><img loading=\"lazy\" decoding=\"async\" width=\"4608\" height=\"2240\" src=\"https:\/\/ckiw-tarnow.ohp.pl\/wp-content\/uploads\/2019\/04\/20190425_114514.jpg\" class=\"attachment-full size-full\" alt=\"\" srcset=\"https:\/\/ckiw-tarnow.ohp.pl\/wp-content\/uploads\/2019\/04\/20190425_114514.jpg 4608w, https:\/\/ckiw-tarnow.ohp.pl\/wp-content\/uploads\/2019\/04\/20190425_114514-300x146.jpg 300w, https:\/\/ckiw-tarnow.ohp.pl\/wp-content\/uploads\/2019\/04\/20190425_114514-768x373.jpg 768w, https:\/\/ckiw-tarnow.ohp.pl\/wp-content\/uploads\/2019\/04\/20190425_114514-1024x498.jpg 1024w\" sizes=\"auto, (max-width: 4608px) 100vw, 4608px\" \/><\/a>\n\t\t\t<\/dt><\/dl><br style=\"clear: both\" \/><dl class='gallery-item'>\n\t\t\t<dt class='gallery-icon landscape'>\n\t\t\t\t<a href='https:\/\/ckiw-tarnow.ohp.pl\/index.php\/2019\/04\/26\/targi-edukacyjne-w-szaflarach\/img_20190425_114347341\/'><img loading=\"lazy\" decoding=\"async\" width=\"4160\" height=\"3120\" src=\"https:\/\/ckiw-tarnow.ohp.pl\/wp-content\/uploads\/2019\/04\/IMG_20190425_114347341.jpg\" class=\"attachment-full size-full\" alt=\"\" srcset=\"https:\/\/ckiw-tarnow.ohp.pl\/wp-content\/uploads\/2019\/04\/IMG_20190425_114347341.jpg 4160w, https:\/\/ckiw-tarnow.ohp.pl\/wp-content\/uploads\/2019\/04\/IMG_20190425_114347341-300x225.jpg 300w, https:\/\/ckiw-tarnow.ohp.pl\/wp-content\/uploads\/2019\/04\/IMG_20190425_114347341-768x576.jpg 768w, https:\/\/ckiw-tarnow.ohp.pl\/wp-content\/uploads\/2019\/04\/IMG_20190425_114347341-1024x768.jpg 1024w\" sizes=\"auto, (max-width: 4160px) 100vw, 4160px\" \/><\/a>\n\t\t\t<\/dt><\/dl>\n\t\t\t<br style='clear: both' \/>\n\t\t<\/div>\n\n","protected":false},"excerpt":{"rendered":"<p>W czwartek 25 kwietnia odby\u0142a si\u0119 czwarta edycja Targ\u00f3w Edukacyjnych \u201eOd edukacji do pracy\u201d zorganizowanych przez Szko\u0142\u0119 Podstawow\u0105 im. A. Suskiego w Szaflarach. Targi odby\u0142y si\u0119 w sali gimnastycznej, gdzie by\u0142y przygotowane stoiska dla poszczeg\u00f3lnych plac\u00f3wek. Targi Edukacyjne skierowane by\u0142y dla uczni\u00f3w ostatnich klas gimnazjum i szko\u0142y podstawowej. R\u00f3wnie\u017c przedstawiciele CKiW OHP w Tarnowie prezentowali [&hellip;]<\/p>\n","protected":false},"author":5,"featured_media":7531,"comment_status":"closed","ping_status":"closed","sticky":false,"template":"","format":"standard","meta":{"footnotes":""},"categories":[2],"tags":[],"class_list":["post-7530","post","type-post","status-publish","format-standard","has-post-thumbnail","hentry","category-aktualnosci"],"_links":{"self":[{"href":"https:\/\/ckiw-tarnow.ohp.pl\/index.php\/wp-json\/wp\/v2\/posts\/7530","targetHints":{"allow":["GET"]}}],"collection":[{"href":"https:\/\/ckiw-tarnow.ohp.pl\/index.php\/wp-json\/wp\/v2\/posts"}],"about":[{"href":"https:\/\/ckiw-tarnow.ohp.pl\/index.php\/wp-json\/wp\/v2\/types\/post"}],"author":[{"embeddable":true,"href":"https:\/\/ckiw-tarnow.ohp.pl\/index.php\/wp-json\/wp\/v2\/users\/5"}],"replies":[{"embeddable":true,"href":"https:\/\/ckiw-tarnow.ohp.pl\/index.php\/wp-json\/wp\/v2\/comments?post=7530"}],"version-history":[{"count":1,"href":"https:\/\/ckiw-tarnow.ohp.pl\/index.php\/wp-json\/wp\/v2\/posts\/7530\/revisions"}],"predecessor-version":[{"id":7539,"href":"https:\/\/ckiw-tarnow.ohp.pl\/index.php\/wp-json\/wp\/v2\/posts\/7530\/revisions\/7539"}],"wp:featuredmedia":[{"embeddable":true,"href":"https:\/\/ckiw-tarnow.ohp.pl\/index.php\/wp-json\/wp\/v2\/media\/7531"}],"wp:attachment":[{"href":"https:\/\/ckiw-tarnow.ohp.pl\/index.php\/wp-json\/wp\/v2\/media?parent=7530"}],"wp:term":[{"taxonomy":"category","embeddable":true,"href":"https:\/\/ckiw-tarnow.ohp.pl\/index.php\/wp-json\/wp\/v2\/categories?post=7530"},{"taxonomy":"post_tag","embeddable":true,"href":"https:\/\/ckiw-tarnow.ohp.pl\/index.php\/wp-json\/wp\/v2\/tags?post=7530"}],"curies":[{"name":"wp","href":"https:\/\/api.w.org\/{rel}","templated":true}]}}