{"id":7571,"date":"2019-05-06T10:50:17","date_gmt":"2019-05-06T08:50:17","guid":{"rendered":"http:\/\/ckiw-tarnow.ohp.pl\/?p=7571"},"modified":"2019-05-06T10:50:17","modified_gmt":"2019-05-06T08:50:17","slug":"targi-edukacyjne-w-korzennej","status":"publish","type":"post","link":"https:\/\/ckiw-tarnow.ohp.pl\/index.php\/2019\/05\/06\/targi-edukacyjne-w-korzennej\/","title":{"rendered":"Targi Edukacyjne w Korzennej"},"content":{"rendered":"<p>We wtorek \u00a030 kwietnia odby\u0142y si\u0119 Targi Edukacyjne zorganizowane przez Szko\u0142\u0119 Podstawow\u0105 im. Jana Paw\u0142a II w Korzennej. Na sali gimnastycznej przygotowane by\u0142y stoiska dla poszczeg\u00f3lnych plac\u00f3wek. Targi Edukacyjne skierowane by\u0142y dla uczni\u00f3w ostatnich klas gimnazjum i szko\u0142y podstawowej. Przedstawiciele CKiW OHP w Tarnowie r\u00f3wnie\u017c zaprezentowali\u00a0 ofert\u0119 plac\u00f3wki na nowy rok szkolny.<\/p>\n\n\t\t<style type=\"text\/css\">\n\t\t\t#gallery-1 {\n\t\t\t\tmargin: auto;\n\t\t\t}\n\t\t\t#gallery-1 .gallery-item {\n\t\t\t\tfloat: left;\n\t\t\t\tmargin-top: 10px;\n\t\t\t\ttext-align: center;\n\t\t\t\twidth: 50%;\n\t\t\t}\n\t\t\t#gallery-1 img {\n\t\t\t\tborder: 2px solid #cfcfcf;\n\t\t\t}\n\t\t\t#gallery-1 .gallery-caption {\n\t\t\t\tmargin-left: 0;\n\t\t\t}\n\t\t\t\/* see gallery_shortcode() in wp-includes\/media.php *\/\n\t\t<\/style>\n\t\t<div id='gallery-1' class='gallery galleryid-7571 gallery-columns-2 gallery-size-full'><dl class='gallery-item'>\n\t\t\t<dt class='gallery-icon landscape'>\n\t\t\t\t<a href='https:\/\/ckiw-tarnow.ohp.pl\/wp-content\/uploads\/2019\/05\/IMG_20190430_094954247.jpg'><img loading=\"lazy\" decoding=\"async\" width=\"4160\" height=\"3120\" src=\"https:\/\/ckiw-tarnow.ohp.pl\/wp-content\/uploads\/2019\/05\/IMG_20190430_094954247.jpg\" class=\"attachment-full size-full\" alt=\"\" srcset=\"https:\/\/ckiw-tarnow.ohp.pl\/wp-content\/uploads\/2019\/05\/IMG_20190430_094954247.jpg 4160w, https:\/\/ckiw-tarnow.ohp.pl\/wp-content\/uploads\/2019\/05\/IMG_20190430_094954247-300x225.jpg 300w, https:\/\/ckiw-tarnow.ohp.pl\/wp-content\/uploads\/2019\/05\/IMG_20190430_094954247-768x576.jpg 768w, https:\/\/ckiw-tarnow.ohp.pl\/wp-content\/uploads\/2019\/05\/IMG_20190430_094954247-1024x768.jpg 1024w\" sizes=\"auto, (max-width: 4160px) 100vw, 4160px\" \/><\/a>\n\t\t\t<\/dt><\/dl><dl class='gallery-item'>\n\t\t\t<dt class='gallery-icon portrait'>\n\t\t\t\t<a href='https:\/\/ckiw-tarnow.ohp.pl\/wp-content\/uploads\/2019\/05\/IMG_20190430_101408427.jpg'><img loading=\"lazy\" decoding=\"async\" width=\"3120\" height=\"4160\" src=\"https:\/\/ckiw-tarnow.ohp.pl\/wp-content\/uploads\/2019\/05\/IMG_20190430_101408427.jpg\" class=\"attachment-full size-full\" alt=\"\" srcset=\"https:\/\/ckiw-tarnow.ohp.pl\/wp-content\/uploads\/2019\/05\/IMG_20190430_101408427.jpg 3120w, https:\/\/ckiw-tarnow.ohp.pl\/wp-content\/uploads\/2019\/05\/IMG_20190430_101408427-225x300.jpg 225w, https:\/\/ckiw-tarnow.ohp.pl\/wp-content\/uploads\/2019\/05\/IMG_20190430_101408427-768x1024.jpg 768w\" sizes=\"auto, (max-width: 3120px) 100vw, 3120px\" \/><\/a>\n\t\t\t<\/dt><\/dl><br style=\"clear: both\" \/><dl class='gallery-item'>\n\t\t\t<dt class='gallery-icon landscape'>\n\t\t\t\t<a href='https:\/\/ckiw-tarnow.ohp.pl\/wp-content\/uploads\/2019\/05\/IMG_20190430_102842741.jpg'><img loading=\"lazy\" decoding=\"async\" width=\"4160\" height=\"3120\" src=\"https:\/\/ckiw-tarnow.ohp.pl\/wp-content\/uploads\/2019\/05\/IMG_20190430_102842741.jpg\" class=\"attachment-full size-full\" alt=\"\" srcset=\"https:\/\/ckiw-tarnow.ohp.pl\/wp-content\/uploads\/2019\/05\/IMG_20190430_102842741.jpg 4160w, https:\/\/ckiw-tarnow.ohp.pl\/wp-content\/uploads\/2019\/05\/IMG_20190430_102842741-300x225.jpg 300w, https:\/\/ckiw-tarnow.ohp.pl\/wp-content\/uploads\/2019\/05\/IMG_20190430_102842741-768x576.jpg 768w, https:\/\/ckiw-tarnow.ohp.pl\/wp-content\/uploads\/2019\/05\/IMG_20190430_102842741-1024x768.jpg 1024w\" sizes=\"auto, (max-width: 4160px) 100vw, 4160px\" \/><\/a>\n\t\t\t<\/dt><\/dl><dl class='gallery-item'>\n\t\t\t<dt class='gallery-icon landscape'>\n\t\t\t\t<a href='https:\/\/ckiw-tarnow.ohp.pl\/wp-content\/uploads\/2019\/05\/IMG_20190430_102852531.jpg'><img loading=\"lazy\" decoding=\"async\" width=\"4160\" height=\"3120\" src=\"https:\/\/ckiw-tarnow.ohp.pl\/wp-content\/uploads\/2019\/05\/IMG_20190430_102852531.jpg\" class=\"attachment-full size-full\" alt=\"\" srcset=\"https:\/\/ckiw-tarnow.ohp.pl\/wp-content\/uploads\/2019\/05\/IMG_20190430_102852531.jpg 4160w, https:\/\/ckiw-tarnow.ohp.pl\/wp-content\/uploads\/2019\/05\/IMG_20190430_102852531-300x225.jpg 300w, https:\/\/ckiw-tarnow.ohp.pl\/wp-content\/uploads\/2019\/05\/IMG_20190430_102852531-768x576.jpg 768w, https:\/\/ckiw-tarnow.ohp.pl\/wp-content\/uploads\/2019\/05\/IMG_20190430_102852531-1024x768.jpg 1024w\" sizes=\"auto, (max-width: 4160px) 100vw, 4160px\" \/><\/a>\n\t\t\t<\/dt><\/dl><br style=\"clear: both\" \/>\n\t\t<\/div>\n\n","protected":false},"excerpt":{"rendered":"<p>We wtorek \u00a030 kwietnia odby\u0142y si\u0119 Targi Edukacyjne zorganizowane przez Szko\u0142\u0119 Podstawow\u0105 im. Jana Paw\u0142a II w Korzennej. Na sali gimnastycznej przygotowane by\u0142y stoiska dla poszczeg\u00f3lnych plac\u00f3wek. Targi Edukacyjne skierowane by\u0142y dla uczni\u00f3w ostatnich klas gimnazjum i szko\u0142y podstawowej. Przedstawiciele CKiW OHP w Tarnowie r\u00f3wnie\u017c zaprezentowali\u00a0 ofert\u0119 plac\u00f3wki na nowy rok szkolny.<\/p>\n","protected":false},"author":5,"featured_media":7572,"comment_status":"closed","ping_status":"closed","sticky":false,"template":"","format":"standard","meta":{"footnotes":""},"categories":[2],"tags":[],"class_list":["post-7571","post","type-post","status-publish","format-standard","has-post-thumbnail","hentry","category-aktualnosci"],"_links":{"self":[{"href":"https:\/\/ckiw-tarnow.ohp.pl\/index.php\/wp-json\/wp\/v2\/posts\/7571","targetHints":{"allow":["GET"]}}],"collection":[{"href":"https:\/\/ckiw-tarnow.ohp.pl\/index.php\/wp-json\/wp\/v2\/posts"}],"about":[{"href":"https:\/\/ckiw-tarnow.ohp.pl\/index.php\/wp-json\/wp\/v2\/types\/post"}],"author":[{"embeddable":true,"href":"https:\/\/ckiw-tarnow.ohp.pl\/index.php\/wp-json\/wp\/v2\/users\/5"}],"replies":[{"embeddable":true,"href":"https:\/\/ckiw-tarnow.ohp.pl\/index.php\/wp-json\/wp\/v2\/comments?post=7571"}],"version-history":[{"count":1,"href":"https:\/\/ckiw-tarnow.ohp.pl\/index.php\/wp-json\/wp\/v2\/posts\/7571\/revisions"}],"predecessor-version":[{"id":7577,"href":"https:\/\/ckiw-tarnow.ohp.pl\/index.php\/wp-json\/wp\/v2\/posts\/7571\/revisions\/7577"}],"wp:featuredmedia":[{"embeddable":true,"href":"https:\/\/ckiw-tarnow.ohp.pl\/index.php\/wp-json\/wp\/v2\/media\/7572"}],"wp:attachment":[{"href":"https:\/\/ckiw-tarnow.ohp.pl\/index.php\/wp-json\/wp\/v2\/media?parent=7571"}],"wp:term":[{"taxonomy":"category","embeddable":true,"href":"https:\/\/ckiw-tarnow.ohp.pl\/index.php\/wp-json\/wp\/v2\/categories?post=7571"},{"taxonomy":"post_tag","embeddable":true,"href":"https:\/\/ckiw-tarnow.ohp.pl\/index.php\/wp-json\/wp\/v2\/tags?post=7571"}],"curies":[{"name":"wp","href":"https:\/\/api.w.org\/{rel}","templated":true}]}}