{"id":8117,"date":"2019-08-29T14:34:36","date_gmt":"2019-08-29T12:34:36","guid":{"rendered":"http:\/\/ckiw-tarnow.ohp.pl\/?p=8117"},"modified":"2019-08-29T15:15:46","modified_gmt":"2019-08-29T13:15:46","slug":"rozpoczynamy-wymiane-erasmus-2","status":"publish","type":"post","link":"https:\/\/ckiw-tarnow.ohp.pl\/index.php\/2019\/08\/29\/rozpoczynamy-wymiane-erasmus-2\/","title":{"rendered":"Rozpoczynamy wymian\u0119 Erasmus+"},"content":{"rendered":"\n<p>W CKiW OHP rozpocz\u0119\u0142a si\u0119 wymiana mi\u0119dzynarodowa\nm\u0142odzie\u017cy w ramach programu Unii Europejskiej Erasmus+ pod nazw\u0105 \u201eFolklor na\nczasie\u201d. Rozpoczynaj\u0105c projekt uczestnicy z naszej grupy przywitali go\u015bci,\nkt\u00f3rzy przyjechali do nas z Ukrainy. Pierwszy&nbsp;\ndzie\u0144 przeznaczony by\u0142 na bli\u017csze poznanie siebie nawzajem. Uczestnicy\nmi\u0142o sp\u0119dzali czas na grach i zabawach integracyjnych. Wsp\u00f3lne warsztaty\nr\u0119kodzielnicze pozwoli\u0142y zbli\u017cy\u0107 si\u0119 do siebie, pozna\u0107 bli\u017cej kultur\u0119 s\u0105siad\u00f3w.\nGrupa z Ukrainy pokaza\u0142a jak zrobi\u0107 lalk\u0119 tzw. \u201emotank\u0119\u201d &#8211; tradycyjn\u0105 ukrai\u0144sk\u0105\nlaleczk\u0119. Obie grupy mia\u0142y te\u017c okazj\u0119 spr\u00f3bowa\u0107 swoich si\u0142 podczas zawod\u00f3w w\nstrzelaniu z wiatr\u00f3wki, gdzie lepsi okazali si\u0119 go\u015bcie. Podczas spacerku po\nTarnowie, uczestnicy z grupy polskiej pokazali nasze miasto Tarn\u00f3w, kt\u00f3re\nbardzo spodoba\u0142o si\u0119 naszym s\u0105siadom.<\/p>\n\n\n\n<p>Tekst Sylwia Florek<\/p>\n\n\n\n<figure class=\"wp-block-image\"><img decoding=\"async\" src=\"https:\/\/ckiw-tarnow.ohp.pl\/wp-content\/uploads\/2019\/07\/DSCN0116-1024x768.jpg\" alt=\"\" class=\"wp-image-8056\"\/><\/figure>\n\n\n\n<figure class=\"wp-block-image\"><img decoding=\"async\" src=\"https:\/\/ckiw-tarnow.ohp.pl\/wp-content\/uploads\/2019\/07\/DSCN0048-1024x768.jpg\" alt=\"\" class=\"wp-image-8054\"\/><\/figure>\n\n\n\n<figure class=\"wp-block-image\"><img decoding=\"async\" src=\"https:\/\/ckiw-tarnow.ohp.pl\/wp-content\/uploads\/2019\/07\/DSCN0143-1024x728.jpg\" alt=\"\" class=\"wp-image-8058\"\/><\/figure>\n\n\n\n<figure class=\"wp-block-image\"><img decoding=\"async\" src=\"https:\/\/ckiw-tarnow.ohp.pl\/wp-content\/uploads\/2019\/07\/DSCN0065-1024x768.jpg\" alt=\"\" class=\"wp-image-8055\"\/><\/figure>\n\n\n\n<figure class=\"wp-block-image\"><img decoding=\"async\" src=\"https:\/\/ckiw-tarnow.ohp.pl\/wp-content\/uploads\/2019\/08\/DSCN1074-1024x702.jpg\" alt=\"\" class=\"wp-image-8072\"\/><\/figure>\n\n\n\n<figure class=\"wp-block-image\"><img decoding=\"async\" src=\"https:\/\/ckiw-tarnow.ohp.pl\/wp-content\/uploads\/2019\/08\/1-1024x768.jpg\" alt=\"\" class=\"wp-image-8119\"\/><\/figure>\n\n\n\n<figure class=\"wp-block-image\"><img decoding=\"async\" src=\"https:\/\/ckiw-tarnow.ohp.pl\/wp-content\/uploads\/2019\/08\/8-1024x768.jpg\" alt=\"\" class=\"wp-image-8120\"\/><\/figure>\n\n\n\n<figure class=\"wp-block-image\"><img decoding=\"async\" src=\"https:\/\/ckiw-tarnow.ohp.pl\/wp-content\/uploads\/2019\/08\/11-798x1024.jpg\" alt=\"\" class=\"wp-image-8122\"\/><\/figure>\n\n\n\n<figure class=\"wp-block-image\"><img loading=\"lazy\" decoding=\"async\" width=\"1024\" height=\"292\" src=\"https:\/\/ckiw-tarnow.ohp.pl\/wp-content\/uploads\/2019\/07\/EU-flag-Erasmus_vect_POS-1024x292.jpg\" alt=\"\" class=\"wp-image-7984\" srcset=\"https:\/\/ckiw-tarnow.ohp.pl\/wp-content\/uploads\/2019\/07\/EU-flag-Erasmus_vect_POS-1024x292.jpg 1024w, https:\/\/ckiw-tarnow.ohp.pl\/wp-content\/uploads\/2019\/07\/EU-flag-Erasmus_vect_POS-300x86.jpg 300w, https:\/\/ckiw-tarnow.ohp.pl\/wp-content\/uploads\/2019\/07\/EU-flag-Erasmus_vect_POS-768x219.jpg 768w, https:\/\/ckiw-tarnow.ohp.pl\/wp-content\/uploads\/2019\/07\/EU-flag-Erasmus_vect_POS.jpg 1964w\" sizes=\"auto, (max-width: 1024px) 100vw, 1024px\" \/><\/figure>\n","protected":false},"excerpt":{"rendered":"<p>W CKiW OHP rozpocz\u0119\u0142a si\u0119 wymiana mi\u0119dzynarodowa m\u0142odzie\u017cy w ramach programu Unii Europejskiej Erasmus+ pod nazw\u0105 \u201eFolklor na czasie\u201d. Rozpoczynaj\u0105c projekt uczestnicy z naszej grupy przywitali go\u015bci, kt\u00f3rzy przyjechali do nas z Ukrainy. Pierwszy&nbsp; dzie\u0144 przeznaczony by\u0142 na bli\u017csze poznanie siebie nawzajem. Uczestnicy mi\u0142o sp\u0119dzali czas na grach i zabawach integracyjnych. Wsp\u00f3lne warsztaty r\u0119kodzielnicze pozwoli\u0142y [&hellip;]<\/p>\n","protected":false},"author":8,"featured_media":0,"comment_status":"closed","ping_status":"closed","sticky":false,"template":"","format":"standard","meta":{"footnotes":""},"categories":[7],"tags":[],"class_list":["post-8117","post","type-post","status-publish","format-standard","hentry","category-projekty_ue"],"_links":{"self":[{"href":"https:\/\/ckiw-tarnow.ohp.pl\/index.php\/wp-json\/wp\/v2\/posts\/8117","targetHints":{"allow":["GET"]}}],"collection":[{"href":"https:\/\/ckiw-tarnow.ohp.pl\/index.php\/wp-json\/wp\/v2\/posts"}],"about":[{"href":"https:\/\/ckiw-tarnow.ohp.pl\/index.php\/wp-json\/wp\/v2\/types\/post"}],"author":[{"embeddable":true,"href":"https:\/\/ckiw-tarnow.ohp.pl\/index.php\/wp-json\/wp\/v2\/users\/8"}],"replies":[{"embeddable":true,"href":"https:\/\/ckiw-tarnow.ohp.pl\/index.php\/wp-json\/wp\/v2\/comments?post=8117"}],"version-history":[{"count":3,"href":"https:\/\/ckiw-tarnow.ohp.pl\/index.php\/wp-json\/wp\/v2\/posts\/8117\/revisions"}],"predecessor-version":[{"id":8165,"href":"https:\/\/ckiw-tarnow.ohp.pl\/index.php\/wp-json\/wp\/v2\/posts\/8117\/revisions\/8165"}],"wp:attachment":[{"href":"https:\/\/ckiw-tarnow.ohp.pl\/index.php\/wp-json\/wp\/v2\/media?parent=8117"}],"wp:term":[{"taxonomy":"category","embeddable":true,"href":"https:\/\/ckiw-tarnow.ohp.pl\/index.php\/wp-json\/wp\/v2\/categories?post=8117"},{"taxonomy":"post_tag","embeddable":true,"href":"https:\/\/ckiw-tarnow.ohp.pl\/index.php\/wp-json\/wp\/v2\/tags?post=8117"}],"curies":[{"name":"wp","href":"https:\/\/api.w.org\/{rel}","templated":true}]}}